{"id":74998,"date":"2026-08-31T12:25:56","date_gmt":"2026-08-31T15:25:56","guid":{"rendered":"https:\/\/elurbanoweb.com.ar\/diario\/?p=74998"},"modified":"2026-08-31T12:25:56","modified_gmt":"2026-08-31T15:25:56","slug":"marcelino-ledesma-formara-parte-de-la-nueva-conduccion-regional-de-universidades-publicas","status":"publish","type":"post","link":"http:\/\/elurbanoweb.com.ar\/diario\/marcelino-ledesma-formara-parte-de-la-nueva-conduccion-regional-de-universidades-publicas\/","title":{"rendered":"Marcelino Ledesma formar\u00e1 parte de la nueva conducci\u00f3n regional de universidades p\u00fablicas"},"content":{"rendered":"<p>El rector de la UNSE fue designado secretario del Consorcio de Universidades P\u00fablicas del NOA y Cuyo &#8211; Horco Molle, junto a autoridades de las universidades nacionales de La Rioja y Salta.<\/p>\n<p><img loading=\"lazy\" decoding=\"async\" class=\"alignnone wp-image-74999 size-full\" src=\"http:\/\/elurbanoweb.com.ar\/diario\/wp-content\/uploads\/2026\/08\/marcelino2.jpg\" alt=\"\" width=\"1010\" height=\"567\" srcset=\"http:\/\/elurbanoweb.com.ar\/diario\/wp-content\/uploads\/2026\/08\/marcelino2.jpg 1010w, http:\/\/elurbanoweb.com.ar\/diario\/wp-content\/uploads\/2026\/08\/marcelino2-300x168.jpg 300w, http:\/\/elurbanoweb.com.ar\/diario\/wp-content\/uploads\/2026\/08\/marcelino2-150x84.jpg 150w\" sizes=\"auto, (max-width: 1010px) 100vw, 1010px\" \/><\/p>\n<p><!--more--><\/p>\n<p>El rector de la Universidad Nacional de Santiago del Estero (UNSE), Marcelino Ledesma, fue elegido secretario del Consorcio de Universidades P\u00fablicas del NOA y Cuyo &#8211; Horco Molle, un espacio de articulaci\u00f3n que re\u00fane a ocho universidades nacionales de ambas regiones y que tiene como objetivo fortalecer la cooperaci\u00f3n y el desarrollo de la educaci\u00f3n superior p\u00fablica.<\/p>\n<p>La nueva conducci\u00f3n del Consorcio estar\u00e1 encabezada por la rectora de la Universidad Nacional de La Rioja (UNLaR), Natalia Albarez G\u00f3mez, quien fue elegida presidenta. Junto a ella, fueron designados como secretarios el rector de la UNSE, Marcelino Ledesma, y el rector de la Universidad Nacional de Salta, Miguel Mart\u00edn Nina.<\/p>\n<p>El Consorcio est\u00e1 integrado adem\u00e1s por la Universidad Nacional de Tucum\u00e1n, la Universidad Nacional de Catamarca, la Universidad Nacional de Jujuy, la Universidad Nacional de Chilecito y la Universidad Nacional de San Juan.<\/p>\n<p>La nueva etapa del espacio regional plantea como uno de sus principales desaf\u00edos consolidar al NOA y Cuyo como una regi\u00f3n universitaria con identidad, capacidades y potencial propio, fortaleciendo el papel estrat\u00e9gico de las universidades p\u00fablicas en el desarrollo cient\u00edfico, tecnol\u00f3gico, acad\u00e9mico, cultural y territorial.<\/p>\n<p>En este marco, entre los principales ejes de trabajo se encuentran el fortalecimiento de la investigaci\u00f3n vinculada con las problem\u00e1ticas y oportunidades de la regi\u00f3n; el acompa\u00f1amiento y promoci\u00f3n de una mayor participaci\u00f3n de investigadores del NOA y Cuyo en los procesos de categorizaci\u00f3n y recategorizaci\u00f3n en el marco del PRINUAR; y la ampliaci\u00f3n de los programas de movilidad e intercambio de estudiantes, docentes, graduados y nodocentes entre las universidades integrantes.<\/p>\n","protected":false},"excerpt":{"rendered":"<p>El rector de la UNSE fue designado secretario del Consorcio de Universidades P\u00fablicas del NOA y Cuyo &#8211; Horco Molle, junto a autoridades de las universidades nacionales de La Rioja&hellip; <\/p>\n","protected":false},"author":1,"featured_media":74999,"comment_status":"closed","ping_status":"closed","sticky":false,"template":"","format":"standard","meta":{"footnotes":""},"categories":[15],"tags":[],"class_list":["post-74998","post","type-post","status-publish","format-standard","has-post-thumbnail","hentry","category-unse"],"_links":{"self":[{"href":"http:\/\/elurbanoweb.com.ar\/diario\/wp-json\/wp\/v2\/posts\/74998","targetHints":{"allow":["GET"]}}],"collection":[{"href":"http:\/\/elurbanoweb.com.ar\/diario\/wp-json\/wp\/v2\/posts"}],"about":[{"href":"http:\/\/elurbanoweb.com.ar\/diario\/wp-json\/wp\/v2\/types\/post"}],"author":[{"embeddable":true,"href":"http:\/\/elurbanoweb.com.ar\/diario\/wp-json\/wp\/v2\/users\/1"}],"replies":[{"embeddable":true,"href":"http:\/\/elurbanoweb.com.ar\/diario\/wp-json\/wp\/v2\/comments?post=74998"}],"version-history":[{"count":1,"href":"http:\/\/elurbanoweb.com.ar\/diario\/wp-json\/wp\/v2\/posts\/74998\/revisions"}],"predecessor-version":[{"id":75000,"href":"http:\/\/elurbanoweb.com.ar\/diario\/wp-json\/wp\/v2\/posts\/74998\/revisions\/75000"}],"wp:featuredmedia":[{"embeddable":true,"href":"http:\/\/elurbanoweb.com.ar\/diario\/wp-json\/wp\/v2\/media\/74999"}],"wp:attachment":[{"href":"http:\/\/elurbanoweb.com.ar\/diario\/wp-json\/wp\/v2\/media?parent=74998"}],"wp:term":[{"taxonomy":"category","embeddable":true,"href":"http:\/\/elurbanoweb.com.ar\/diario\/wp-json\/wp\/v2\/categories?post=74998"},{"taxonomy":"post_tag","embeddable":true,"href":"http:\/\/elurbanoweb.com.ar\/diario\/wp-json\/wp\/v2\/tags?post=74998"}],"curies":[{"name":"wp","href":"https:\/\/api.w.org\/{rel}","templated":true}]}}