{"id":75001,"date":"2026-08-31T12:27:26","date_gmt":"2026-08-31T15:27:26","guid":{"rendered":"https:\/\/elurbanoweb.com.ar\/diario\/?p=75001"},"modified":"2026-08-31T12:27:26","modified_gmt":"2026-08-31T15:27:26","slug":"tras-dos-meses-y-medio-de-trabajo-comunitario-estudiantes-de-la-favaloro-se-despidieron-de-la-canada","status":"publish","type":"post","link":"http:\/\/elurbanoweb.com.ar\/diario\/tras-dos-meses-y-medio-de-trabajo-comunitario-estudiantes-de-la-favaloro-se-despidieron-de-la-canada\/","title":{"rendered":"Tras dos meses y medio de trabajo comunitario, estudiantes de la Favaloro se despidieron de La Ca\u00f1ada"},"content":{"rendered":"<p>Las cuatro estudiantes realizaron durante dos meses y medio tareas de promoci\u00f3n y prevenci\u00f3n de la salud, acompa\u00f1amiento a embarazadas, actividades en escuelas y talleres comunitarios, en una experiencia de formaci\u00f3n profesional y compromiso territorial.<\/p>\n<p><img loading=\"lazy\" decoding=\"async\" class=\"alignnone wp-image-75002 size-full\" src=\"http:\/\/elurbanoweb.com.ar\/diario\/wp-content\/uploads\/2026\/08\/canada9.jpg\" alt=\"\" width=\"1010\" height=\"567\" srcset=\"http:\/\/elurbanoweb.com.ar\/diario\/wp-content\/uploads\/2026\/08\/canada9.jpg 1010w, http:\/\/elurbanoweb.com.ar\/diario\/wp-content\/uploads\/2026\/08\/canada9-300x168.jpg 300w, http:\/\/elurbanoweb.com.ar\/diario\/wp-content\/uploads\/2026\/08\/canada9-150x84.jpg 150w\" sizes=\"auto, (max-width: 1010px) 100vw, 1010px\" \/><\/p>\n<p><!--more--><\/p>\n<p>La Comisi\u00f3n Municipal de La Ca\u00f1ada despidi\u00f3 y reconoci\u00f3 a un grupo de estudiantes de la Universidad Favaloro que durante dos meses y medio desarrollaron actividades sanitarias y comunitarias en la localidad, dejando una valiosa contribuci\u00f3n en materia de promoci\u00f3n de la salud y acompa\u00f1amiento a los vecinos.<\/p>\n<p>Se trata de Rafaela Altilio, Isabella Calandri, Julieta Lauzurica Malisia y Luc\u00eda Moreno, quienes culminaron esta semana su per\u00edodo de formaci\u00f3n pr\u00e1ctica con la realizaci\u00f3n de su examen final, cerrando una etapa marcada por el trabajo territorial, la cercan\u00eda con la comunidad y el compromiso profesional.<\/p>\n<p>Las futuras profesionales llevaron adelante sus actividades bajo la direcci\u00f3n del Dr. Santiago Abalos Mussi, participando en acciones de promoci\u00f3n y prevenci\u00f3n de la salud, acompa\u00f1amiento a embarazadas, intervenciones en establecimientos educativos y talleres destinados a distintos sectores de la comunidad.<\/p>\n<p>El comisionado municipal de La Ca\u00f1ada, Cristian Abiakel, destac\u00f3 el impacto positivo que tuvo la presencia de las estudiantes en la vida cotidiana de la localidad y agradeci\u00f3 el compromiso demostrado durante su estad\u00eda.<\/p>\n<p>\u201cDurante estos meses no solamente aportaron conocimientos y herramientas en materia de salud, sino que tambi\u00e9n construyeron un v\u00ednculo muy cercano con nuestra comunidad. Se ganaron el cari\u00f1o y el respeto de los vecinos por su profesionalismo, su calidez humana y la dedicaci\u00f3n con la que llevaron adelante cada actividad\u201d, expres\u00f3.<\/p>\n","protected":false},"excerpt":{"rendered":"<p>Las cuatro estudiantes realizaron durante dos meses y medio tareas de promoci\u00f3n y prevenci\u00f3n de la salud, acompa\u00f1amiento a embarazadas, actividades en escuelas y talleres comunitarios, en una experiencia de&hellip; <\/p>\n","protected":false},"author":1,"featured_media":75002,"comment_status":"closed","ping_status":"closed","sticky":false,"template":"","format":"standard","meta":{"footnotes":""},"categories":[10],"tags":[],"class_list":["post-75001","post","type-post","status-publish","format-standard","has-post-thumbnail","hentry","category-interior"],"_links":{"self":[{"href":"http:\/\/elurbanoweb.com.ar\/diario\/wp-json\/wp\/v2\/posts\/75001","targetHints":{"allow":["GET"]}}],"collection":[{"href":"http:\/\/elurbanoweb.com.ar\/diario\/wp-json\/wp\/v2\/posts"}],"about":[{"href":"http:\/\/elurbanoweb.com.ar\/diario\/wp-json\/wp\/v2\/types\/post"}],"author":[{"embeddable":true,"href":"http:\/\/elurbanoweb.com.ar\/diario\/wp-json\/wp\/v2\/users\/1"}],"replies":[{"embeddable":true,"href":"http:\/\/elurbanoweb.com.ar\/diario\/wp-json\/wp\/v2\/comments?post=75001"}],"version-history":[{"count":1,"href":"http:\/\/elurbanoweb.com.ar\/diario\/wp-json\/wp\/v2\/posts\/75001\/revisions"}],"predecessor-version":[{"id":75003,"href":"http:\/\/elurbanoweb.com.ar\/diario\/wp-json\/wp\/v2\/posts\/75001\/revisions\/75003"}],"wp:featuredmedia":[{"embeddable":true,"href":"http:\/\/elurbanoweb.com.ar\/diario\/wp-json\/wp\/v2\/media\/75002"}],"wp:attachment":[{"href":"http:\/\/elurbanoweb.com.ar\/diario\/wp-json\/wp\/v2\/media?parent=75001"}],"wp:term":[{"taxonomy":"category","embeddable":true,"href":"http:\/\/elurbanoweb.com.ar\/diario\/wp-json\/wp\/v2\/categories?post=75001"},{"taxonomy":"post_tag","embeddable":true,"href":"http:\/\/elurbanoweb.com.ar\/diario\/wp-json\/wp\/v2\/tags?post=75001"}],"curies":[{"name":"wp","href":"https:\/\/api.w.org\/{rel}","templated":true}]}}