{"id":75008,"date":"2026-08-31T17:25:33","date_gmt":"2026-08-31T20:25:33","guid":{"rendered":"https:\/\/elurbanoweb.com.ar\/diario\/?p=75008"},"modified":"2026-08-31T17:25:33","modified_gmt":"2026-08-31T20:25:33","slug":"adunse-presente-en-la-x-edicion-del-rally-de-innovacion-santiago-te-desafia","status":"publish","type":"post","link":"http:\/\/elurbanoweb.com.ar\/diario\/adunse-presente-en-la-x-edicion-del-rally-de-innovacion-santiago-te-desafia\/","title":{"rendered":"ADUNSE presente en la X Edici\u00f3n del Rally de Innovaci\u00f3n \u201c Santiago te Desaf\u00eda\u201d"},"content":{"rendered":"<p>Nuestro Secretario General de ADUNSE Dr. Santiago Com\u00e1n estuvo presente en el cierre de la X Edici\u00f3n del Rally de Innovaci\u00f3n \u201c Santiago te Desaf\u00eda\u201d realizado en el Nodo Tecnol\u00f3gico de Santiago del Estero para la entrega de Premios y acompa\u00f1ado de su Secretario General Adjunto In.g. Francisco Ruiz, el Secretario Gremial Lic. Enrique Biasoni, el Tesorero Ing. Maximiliano Umlandt y la Congresal Mag. Marcela Terribile, destacando tambi\u00e9n la presencia de la Sra. Vicerrectora de la UNSE Dra. Fernanda Mellano, la Secretaria de Posgrado de la Facultad de Ciencias Exactas y Tecnolog\u00eda Ing. Tere Pilan, el Director de Ciencia y Tecnolog\u00eda de del Gobierno Provincial Ing. Edmundo Vizgarra G\u00f3mez y dem\u00e1s funcionarios del \u00e1rea provincial.<\/p>\n<p><img loading=\"lazy\" decoding=\"async\" class=\"alignnone wp-image-75009 size-full\" src=\"http:\/\/elurbanoweb.com.ar\/diario\/wp-content\/uploads\/2026\/08\/presente.jpg\" alt=\"\" width=\"903\" height=\"524\" srcset=\"http:\/\/elurbanoweb.com.ar\/diario\/wp-content\/uploads\/2026\/08\/presente.jpg 903w, http:\/\/elurbanoweb.com.ar\/diario\/wp-content\/uploads\/2026\/08\/presente-300x174.jpg 300w, http:\/\/elurbanoweb.com.ar\/diario\/wp-content\/uploads\/2026\/08\/presente-150x87.jpg 150w\" sizes=\"auto, (max-width: 903px) 100vw, 903px\" \/><\/p>\n<p><!--more--> En esta Edici\u00f3n participaron mas de 100 estudiantes universitarios del ITSE y de escuelas t\u00e9cnicas de la provincia. Estaban organizados en 12 equipos para afrontar distintos desaf\u00edos y desarrollar propuestas innovadoras a partir del trabajo colaborativo y multidisciplinario. Es de destacar que el citado evento constituye un entrenamiento intensivo para el Rally Latinoamericano de Innovaci\u00f3n.<\/p>\n<p>Finalmente pasadas las 20,30 hs se dieron a conocer los resultados de los equipos ganadores y se procedi\u00f3 a la entrega de premios tanto de los Equipos Ganadores como de sorteo de premios entre todos los participantes del Rally de Innovaci\u00f3n en un total ambiente de camarader\u00eda y alegr\u00eda entre los estudiantes.<\/p>\n<p>Atte. Dr. Santiago Com\u00e1n Secretario General de ADUNSE-CONADU.<\/p>\n","protected":false},"excerpt":{"rendered":"<p>Nuestro Secretario General de ADUNSE Dr. Santiago Com\u00e1n estuvo presente en el cierre de la X Edici\u00f3n del Rally de Innovaci\u00f3n \u201c Santiago te Desaf\u00eda\u201d realizado en el Nodo Tecnol\u00f3gico&hellip; <\/p>\n","protected":false},"author":1,"featured_media":75009,"comment_status":"closed","ping_status":"closed","sticky":false,"template":"","format":"standard","meta":{"footnotes":""},"categories":[15],"tags":[],"class_list":["post-75008","post","type-post","status-publish","format-standard","has-post-thumbnail","hentry","category-unse"],"_links":{"self":[{"href":"http:\/\/elurbanoweb.com.ar\/diario\/wp-json\/wp\/v2\/posts\/75008","targetHints":{"allow":["GET"]}}],"collection":[{"href":"http:\/\/elurbanoweb.com.ar\/diario\/wp-json\/wp\/v2\/posts"}],"about":[{"href":"http:\/\/elurbanoweb.com.ar\/diario\/wp-json\/wp\/v2\/types\/post"}],"author":[{"embeddable":true,"href":"http:\/\/elurbanoweb.com.ar\/diario\/wp-json\/wp\/v2\/users\/1"}],"replies":[{"embeddable":true,"href":"http:\/\/elurbanoweb.com.ar\/diario\/wp-json\/wp\/v2\/comments?post=75008"}],"version-history":[{"count":1,"href":"http:\/\/elurbanoweb.com.ar\/diario\/wp-json\/wp\/v2\/posts\/75008\/revisions"}],"predecessor-version":[{"id":75010,"href":"http:\/\/elurbanoweb.com.ar\/diario\/wp-json\/wp\/v2\/posts\/75008\/revisions\/75010"}],"wp:featuredmedia":[{"embeddable":true,"href":"http:\/\/elurbanoweb.com.ar\/diario\/wp-json\/wp\/v2\/media\/75009"}],"wp:attachment":[{"href":"http:\/\/elurbanoweb.com.ar\/diario\/wp-json\/wp\/v2\/media?parent=75008"}],"wp:term":[{"taxonomy":"category","embeddable":true,"href":"http:\/\/elurbanoweb.com.ar\/diario\/wp-json\/wp\/v2\/categories?post=75008"},{"taxonomy":"post_tag","embeddable":true,"href":"http:\/\/elurbanoweb.com.ar\/diario\/wp-json\/wp\/v2\/tags?post=75008"}],"curies":[{"name":"wp","href":"https:\/\/api.w.org\/{rel}","templated":true}]}}