{"id":75011,"date":"2026-08-31T17:28:23","date_gmt":"2026-08-31T20:28:23","guid":{"rendered":"https:\/\/elurbanoweb.com.ar\/diario\/?p=75011"},"modified":"2026-08-31T17:28:23","modified_gmt":"2026-08-31T20:28:23","slug":"lionel-messi-anuncio-su-retiro-de-la-seleccion-argentina-me-vacie-ya-no-tengo-mas-para-dar","status":"publish","type":"post","link":"http:\/\/elurbanoweb.com.ar\/diario\/lionel-messi-anuncio-su-retiro-de-la-seleccion-argentina-me-vacie-ya-no-tengo-mas-para-dar\/","title":{"rendered":"Lionel Messi anunci\u00f3 su retiro de la Selecci\u00f3n Argentina: \u201cMe vaci\u00e9, ya no tengo m\u00e1s para dar\u201d"},"content":{"rendered":"<p>Lionel Messi anunci\u00f3 su retiro de la Selecci\u00f3n Argentina. El capit\u00e1n confirm\u00f3 la decisi\u00f3n a trav\u00e9s de su cuenta de Instagram, donde public\u00f3 un extenso y emotivo mensaje para despedirse de la camiseta albiceleste despu\u00e9s de 20 a\u00f1os.<\/p>\n<p><img loading=\"lazy\" decoding=\"async\" class=\"alignnone wp-image-75012 size-full\" src=\"http:\/\/elurbanoweb.com.ar\/diario\/wp-content\/uploads\/2026\/08\/messi5.jpg\" alt=\"\" width=\"1010\" height=\"567\" srcset=\"http:\/\/elurbanoweb.com.ar\/diario\/wp-content\/uploads\/2026\/08\/messi5.jpg 1010w, http:\/\/elurbanoweb.com.ar\/diario\/wp-content\/uploads\/2026\/08\/messi5-300x168.jpg 300w, http:\/\/elurbanoweb.com.ar\/diario\/wp-content\/uploads\/2026\/08\/messi5-150x84.jpg 150w\" sizes=\"auto, (max-width: 1010px) 100vw, 1010px\" \/><\/p>\n<p><!--more--><\/p>\n<p>\u201cDespu\u00e9s de este tiempo que pas\u00f3 desde la final, pens\u00e1ndolo mucho, quiero comunicarles a todos que me retiro de la Selecci\u00f3n\u201d, expres\u00f3 el rosarino al comienzo de la publicaci\u00f3n.<\/p>\n<p>Messi reconoci\u00f3 que se trata de una determinaci\u00f3n especialmente dolorosa. \u201cFue una decisi\u00f3n que doli\u00f3 y duele en el alma, pero entiendo que es el momento\u201d, se\u00f1al\u00f3, antes de recordar todo lo vivido durante su extensa trayectoria con Argentina.<\/p>\n<p>\u201cLes juro que siempre dej\u00e9 todo, no solo los \u00faltimos a\u00f1os que se gan\u00f3 todo, antes tambi\u00e9n. Siempre pele\u00e9 y me dej\u00e9 todo por esta camiseta, por darles alegr\u00edas y hacer que se sientan orgullosos de ser argentinos a trav\u00e9s del f\u00fatbol\u201d, escribi\u00f3.<\/p>\n<p>Uno de los pasajes m\u00e1s fuertes lleg\u00f3 cuando explic\u00f3 las razones de su decisi\u00f3n. \u201cMe vaci\u00e9, ya no tengo m\u00e1s para dar y aparte vienen chicos muy grandes atr\u00e1s que merecen estar\u201d, manifest\u00f3. Y agreg\u00f3: \u201cAmo, am\u00e9 y amar\u00e9 siempre estar en la Selecci\u00f3n\u201d.<\/p>\n","protected":false},"excerpt":{"rendered":"<p>Lionel Messi anunci\u00f3 su retiro de la Selecci\u00f3n Argentina. El capit\u00e1n confirm\u00f3 la decisi\u00f3n a trav\u00e9s de su cuenta de Instagram, donde public\u00f3 un extenso y emotivo mensaje para despedirse&hellip; <\/p>\n","protected":false},"author":1,"featured_media":75012,"comment_status":"closed","ping_status":"closed","sticky":false,"template":"","format":"standard","meta":{"footnotes":""},"categories":[4],"tags":[],"class_list":["post-75011","post","type-post","status-publish","format-standard","has-post-thumbnail","hentry","category-deportes"],"_links":{"self":[{"href":"http:\/\/elurbanoweb.com.ar\/diario\/wp-json\/wp\/v2\/posts\/75011","targetHints":{"allow":["GET"]}}],"collection":[{"href":"http:\/\/elurbanoweb.com.ar\/diario\/wp-json\/wp\/v2\/posts"}],"about":[{"href":"http:\/\/elurbanoweb.com.ar\/diario\/wp-json\/wp\/v2\/types\/post"}],"author":[{"embeddable":true,"href":"http:\/\/elurbanoweb.com.ar\/diario\/wp-json\/wp\/v2\/users\/1"}],"replies":[{"embeddable":true,"href":"http:\/\/elurbanoweb.com.ar\/diario\/wp-json\/wp\/v2\/comments?post=75011"}],"version-history":[{"count":1,"href":"http:\/\/elurbanoweb.com.ar\/diario\/wp-json\/wp\/v2\/posts\/75011\/revisions"}],"predecessor-version":[{"id":75013,"href":"http:\/\/elurbanoweb.com.ar\/diario\/wp-json\/wp\/v2\/posts\/75011\/revisions\/75013"}],"wp:featuredmedia":[{"embeddable":true,"href":"http:\/\/elurbanoweb.com.ar\/diario\/wp-json\/wp\/v2\/media\/75012"}],"wp:attachment":[{"href":"http:\/\/elurbanoweb.com.ar\/diario\/wp-json\/wp\/v2\/media?parent=75011"}],"wp:term":[{"taxonomy":"category","embeddable":true,"href":"http:\/\/elurbanoweb.com.ar\/diario\/wp-json\/wp\/v2\/categories?post=75011"},{"taxonomy":"post_tag","embeddable":true,"href":"http:\/\/elurbanoweb.com.ar\/diario\/wp-json\/wp\/v2\/tags?post=75011"}],"curies":[{"name":"wp","href":"https:\/\/api.w.org\/{rel}","templated":true}]}}