{"id":75014,"date":"2026-08-31T17:29:53","date_gmt":"2026-08-31T20:29:53","guid":{"rendered":"https:\/\/elurbanoweb.com.ar\/diario\/?p=75014"},"modified":"2026-08-31T17:29:53","modified_gmt":"2026-08-31T20:29:53","slug":"nos-regalaste-dias-felices-gerardo-zamora-despidio-a-messi-y-recordo-su-paso-por-santiago-del-estero","status":"publish","type":"post","link":"http:\/\/elurbanoweb.com.ar\/diario\/nos-regalaste-dias-felices-gerardo-zamora-despidio-a-messi-y-recordo-su-paso-por-santiago-del-estero\/","title":{"rendered":"\u201cNos regalaste d\u00edas felices\u201d: Gerardo Zamora despidi\u00f3 a Messi y record\u00f3 su paso por Santiago del Estero"},"content":{"rendered":"<p>El senador nacional y exgobernador le dedic\u00f3 un conmovedor mensaje al capit\u00e1n y evoc\u00f3 su hist\u00f3rica presencia con la Selecci\u00f3n Argentina en el Estadio \u00danico Madre de Ciudades.<\/p>\n<p><img loading=\"lazy\" decoding=\"async\" class=\"alignnone wp-image-75015 size-full\" src=\"http:\/\/elurbanoweb.com.ar\/diario\/wp-content\/uploads\/2026\/08\/regalo.jpg\" alt=\"\" width=\"1010\" height=\"567\" srcset=\"http:\/\/elurbanoweb.com.ar\/diario\/wp-content\/uploads\/2026\/08\/regalo.jpg 1010w, http:\/\/elurbanoweb.com.ar\/diario\/wp-content\/uploads\/2026\/08\/regalo-300x168.jpg 300w, http:\/\/elurbanoweb.com.ar\/diario\/wp-content\/uploads\/2026\/08\/regalo-150x84.jpg 150w\" sizes=\"auto, (max-width: 1010px) 100vw, 1010px\" \/><\/p>\n<p><!--more--><\/p>\n<p>El senador nacional y exgobernador de Santiago del Estero, Gerardo Zamora, se sum\u00f3 a los mensajes de despedida para Lionel Messi luego de que el capit\u00e1n anunciara su retiro de la Selecci\u00f3n Argentina. Lo hizo a trav\u00e9s de sus redes sociales, donde comparti\u00f3 im\u00e1genes de una jornada inolvidable para los santiague\u00f1os.<\/p>\n<p>\u201cGracias eternas capit\u00e1n!!! Por tu entrega incansable y por regalarle a cada argentino los d\u00edas m\u00e1s felices, encendiendo la ilusi\u00f3n de muchas generaciones y d\u00e1ndole alegr\u00eda a todo un pueblo\u201d, escribi\u00f3 Zamora.<\/p>\n<p>Adem\u00e1s, destac\u00f3 lo que signific\u00f3 Messi para el pa\u00eds durante todos estos a\u00f1os: \u201cGracias por llevar nuestra bandera a lo m\u00e1s alto con el orgullo de ser argentinos!!!\u201d.<\/p>\n<p>El mensaje tuvo tambi\u00e9n una referencia especial para la provincia. \u201cGracias por regalarnos el honor de verte jugar en el Estadio \u00danico Madre de Ciudades vistiendo la camiseta m\u00e1s linda del mundo\u201d, agreg\u00f3 el exgobernador.<\/p>\n","protected":false},"excerpt":{"rendered":"<p>El senador nacional y exgobernador le dedic\u00f3 un conmovedor mensaje al capit\u00e1n y evoc\u00f3 su hist\u00f3rica presencia con la Selecci\u00f3n Argentina en el Estadio \u00danico Madre de Ciudades.<\/p>\n","protected":false},"author":1,"featured_media":75015,"comment_status":"closed","ping_status":"closed","sticky":false,"template":"","format":"standard","meta":{"footnotes":""},"categories":[4],"tags":[],"class_list":["post-75014","post","type-post","status-publish","format-standard","has-post-thumbnail","hentry","category-deportes"],"_links":{"self":[{"href":"http:\/\/elurbanoweb.com.ar\/diario\/wp-json\/wp\/v2\/posts\/75014","targetHints":{"allow":["GET"]}}],"collection":[{"href":"http:\/\/elurbanoweb.com.ar\/diario\/wp-json\/wp\/v2\/posts"}],"about":[{"href":"http:\/\/elurbanoweb.com.ar\/diario\/wp-json\/wp\/v2\/types\/post"}],"author":[{"embeddable":true,"href":"http:\/\/elurbanoweb.com.ar\/diario\/wp-json\/wp\/v2\/users\/1"}],"replies":[{"embeddable":true,"href":"http:\/\/elurbanoweb.com.ar\/diario\/wp-json\/wp\/v2\/comments?post=75014"}],"version-history":[{"count":1,"href":"http:\/\/elurbanoweb.com.ar\/diario\/wp-json\/wp\/v2\/posts\/75014\/revisions"}],"predecessor-version":[{"id":75016,"href":"http:\/\/elurbanoweb.com.ar\/diario\/wp-json\/wp\/v2\/posts\/75014\/revisions\/75016"}],"wp:featuredmedia":[{"embeddable":true,"href":"http:\/\/elurbanoweb.com.ar\/diario\/wp-json\/wp\/v2\/media\/75015"}],"wp:attachment":[{"href":"http:\/\/elurbanoweb.com.ar\/diario\/wp-json\/wp\/v2\/media?parent=75014"}],"wp:term":[{"taxonomy":"category","embeddable":true,"href":"http:\/\/elurbanoweb.com.ar\/diario\/wp-json\/wp\/v2\/categories?post=75014"},{"taxonomy":"post_tag","embeddable":true,"href":"http:\/\/elurbanoweb.com.ar\/diario\/wp-json\/wp\/v2\/tags?post=75014"}],"curies":[{"name":"wp","href":"https:\/\/api.w.org\/{rel}","templated":true}]}}