{"id":75023,"date":"2026-09-01T09:14:59","date_gmt":"2026-09-01T12:14:59","guid":{"rendered":"https:\/\/elurbanoweb.com.ar\/diario\/?p=75023"},"modified":"2026-09-01T09:14:59","modified_gmt":"2026-09-01T12:14:59","slug":"el-balance-del-deslave-en-nepal-se-agrava-ya-son-mas-de-900-los-muertos-y-4-400-los-desaparecidos","status":"publish","type":"post","link":"http:\/\/elurbanoweb.com.ar\/diario\/el-balance-del-deslave-en-nepal-se-agrava-ya-son-mas-de-900-los-muertos-y-4-400-los-desaparecidos\/","title":{"rendered":"El balance del deslave en Nepal se agrava: ya son m\u00e1s de 900 los muertos y 4.400 los desaparecidos"},"content":{"rendered":"<p>La cat\u00e1strofe que sepult\u00f3 regiones de Nepal y China el mi\u00e9rcoles pasado sigue revelando su magnitud con el correr de los d\u00edas. Los rescatistas redoblan esfuerzos en condiciones extremas mientras crece el temor a una nueva crecida de las aguas.<\/p>\n<p><img loading=\"lazy\" decoding=\"async\" class=\"alignnone wp-image-75024 size-full\" src=\"http:\/\/elurbanoweb.com.ar\/diario\/wp-content\/uploads\/2026\/09\/balance2.jpg\" alt=\"\" width=\"1010\" height=\"567\" srcset=\"http:\/\/elurbanoweb.com.ar\/diario\/wp-content\/uploads\/2026\/09\/balance2.jpg 1010w, http:\/\/elurbanoweb.com.ar\/diario\/wp-content\/uploads\/2026\/09\/balance2-300x168.jpg 300w, http:\/\/elurbanoweb.com.ar\/diario\/wp-content\/uploads\/2026\/09\/balance2-150x84.jpg 150w\" sizes=\"auto, (max-width: 1010px) 100vw, 1010px\" \/><\/p>\n<p><!--more--><\/p>\n<p>El balance del deslave que devast\u00f3 zonas de Nepal y China el mi\u00e9rcoles pasado se agrav\u00f3 a\u00fan m\u00e1s este lunes, con un saldo que ya supera los 900 muertos y los 4.400 desaparecidos. El primer ministro nepal\u00ed, Balendra Shah, sostuvo que el pa\u00eds \u00abse enfrenta a un desastre natural de una magnitud inimaginable y desgarradora\u00bb, aunque remarc\u00f3 que avanzan \u00abcon determinaci\u00f3n para proteger la vida de los ciudadanos\u00bb.<\/p>\n<p>En condiciones peligrosas y bajo la amenaza de una nueva crecida, los equipos de rescate contin\u00faan explorando la remota regi\u00f3n del Himalaya en busca de sobrevivientes, muchas veces sumergidos hasta la cintura en un pantano de barro gris y pegajoso. El jefe adjunto del distrito de Nuwakot, uno de los m\u00e1s afectados, describi\u00f3 la magnitud de las dificultades: ya no quedan caminos transitables, dado que todas las rutas fueron arrasadas por el alud.<\/p>\n","protected":false},"excerpt":{"rendered":"<p>La cat\u00e1strofe que sepult\u00f3 regiones de Nepal y China el mi\u00e9rcoles pasado sigue revelando su magnitud con el correr de los d\u00edas. Los rescatistas redoblan esfuerzos en condiciones extremas mientras&hellip; <\/p>\n","protected":false},"author":1,"featured_media":75024,"comment_status":"closed","ping_status":"closed","sticky":false,"template":"","format":"standard","meta":{"footnotes":""},"categories":[6],"tags":[],"class_list":["post-75023","post","type-post","status-publish","format-standard","has-post-thumbnail","hentry","category-mundo"],"_links":{"self":[{"href":"http:\/\/elurbanoweb.com.ar\/diario\/wp-json\/wp\/v2\/posts\/75023","targetHints":{"allow":["GET"]}}],"collection":[{"href":"http:\/\/elurbanoweb.com.ar\/diario\/wp-json\/wp\/v2\/posts"}],"about":[{"href":"http:\/\/elurbanoweb.com.ar\/diario\/wp-json\/wp\/v2\/types\/post"}],"author":[{"embeddable":true,"href":"http:\/\/elurbanoweb.com.ar\/diario\/wp-json\/wp\/v2\/users\/1"}],"replies":[{"embeddable":true,"href":"http:\/\/elurbanoweb.com.ar\/diario\/wp-json\/wp\/v2\/comments?post=75023"}],"version-history":[{"count":1,"href":"http:\/\/elurbanoweb.com.ar\/diario\/wp-json\/wp\/v2\/posts\/75023\/revisions"}],"predecessor-version":[{"id":75025,"href":"http:\/\/elurbanoweb.com.ar\/diario\/wp-json\/wp\/v2\/posts\/75023\/revisions\/75025"}],"wp:featuredmedia":[{"embeddable":true,"href":"http:\/\/elurbanoweb.com.ar\/diario\/wp-json\/wp\/v2\/media\/75024"}],"wp:attachment":[{"href":"http:\/\/elurbanoweb.com.ar\/diario\/wp-json\/wp\/v2\/media?parent=75023"}],"wp:term":[{"taxonomy":"category","embeddable":true,"href":"http:\/\/elurbanoweb.com.ar\/diario\/wp-json\/wp\/v2\/categories?post=75023"},{"taxonomy":"post_tag","embeddable":true,"href":"http:\/\/elurbanoweb.com.ar\/diario\/wp-json\/wp\/v2\/tags?post=75023"}],"curies":[{"name":"wp","href":"https:\/\/api.w.org\/{rel}","templated":true}]}}