{"id":75026,"date":"2026-09-01T09:16:37","date_gmt":"2026-09-01T12:16:37","guid":{"rendered":"https:\/\/elurbanoweb.com.ar\/diario\/?p=75026"},"modified":"2026-09-01T09:16:37","modified_gmt":"2026-09-01T12:16:37","slug":"el-municipio-fortalece-las-acciones-de-prevencion-y-acompanamiento-ante-situaciones-de-consumo-problematico","status":"publish","type":"post","link":"http:\/\/elurbanoweb.com.ar\/diario\/el-municipio-fortalece-las-acciones-de-prevencion-y-acompanamiento-ante-situaciones-de-consumo-problematico\/","title":{"rendered":"El municipio fortalece las acciones de prevenci\u00f3n y acompa\u00f1amiento ante situaciones de consumo problem\u00e1tico"},"content":{"rendered":"<p>En el marco del \u201cD\u00eda Internacional de la Conciencia sobre la Sobredosis\u201d, que se conmemora cada 31 de agosto, la Direcci\u00f3n de Prevenci\u00f3n en Adicciones de la Municipalidad de La Banda contin\u00faa desarrollando acciones de concientizaci\u00f3n y acompa\u00f1amiento impulsadas desde la gesti\u00f3n del intendente Ing. Roger E. Nediani.<\/p>\n<p><img loading=\"lazy\" decoding=\"async\" class=\"alignnone wp-image-75027 size-full\" src=\"http:\/\/elurbanoweb.com.ar\/diario\/wp-content\/uploads\/2026\/09\/fortalecer2.jpg\" alt=\"\" width=\"1010\" height=\"567\" srcset=\"http:\/\/elurbanoweb.com.ar\/diario\/wp-content\/uploads\/2026\/09\/fortalecer2.jpg 1010w, http:\/\/elurbanoweb.com.ar\/diario\/wp-content\/uploads\/2026\/09\/fortalecer2-300x168.jpg 300w, http:\/\/elurbanoweb.com.ar\/diario\/wp-content\/uploads\/2026\/09\/fortalecer2-150x84.jpg 150w\" sizes=\"auto, (max-width: 1010px) 100vw, 1010px\" \/><\/p>\n<p><!--more--><\/p>\n<p>En este sentido, la directora del \u00e1rea, licenciada Gabriela Diamante, destac\u00f3 el trabajo que se lleva adelante para acompa\u00f1ar a las personas que atraviesan situaciones de consumo y generar espacios de escucha y contenci\u00f3n.<\/p>\n<p>En este sentido, se\u00f1al\u00f3 que desde la Direcci\u00f3n se desarrolla el proyecto \u201cConstruyendo Bienestar en el \u00c1mbito Educativo\u201d, mediante el cual se visitan instituciones educativas, especialmente con estudiantes de 6\u00ba y 7\u00ba grado, con el objetivo de brindar herramientas de prevenci\u00f3n, concientizaci\u00f3n y fortalecer redes de contenci\u00f3n dentro de la comunidad educativa.<\/p>\n<p>\u201cEstamos comenzando a trabajar con los chicos para que tambi\u00e9n tengan esa red de contenci\u00f3n y sepan que, como direcci\u00f3n y como profesionales, estamos en constante di\u00e1logo y concientizaci\u00f3n\u201d, explic\u00f3 Diamante.<\/p>\n<p>Asimismo, inform\u00f3 que se ha registrado un incremento en las consultas psicol\u00f3gicas, tanto de adolescentes como de adultos, ante situaciones vinculadas al consumo. Para brindar respuesta a estas demandas, la direcci\u00f3n cuenta con profesionales en psicolog\u00eda, trabajadores sociales y talleristas.<\/p>\n","protected":false},"excerpt":{"rendered":"<p>En el marco del \u201cD\u00eda Internacional de la Conciencia sobre la Sobredosis\u201d, que se conmemora cada 31 de agosto, la Direcci\u00f3n de Prevenci\u00f3n en Adicciones de la Municipalidad de La&hellip; <\/p>\n","protected":false},"author":1,"featured_media":75027,"comment_status":"closed","ping_status":"closed","sticky":false,"template":"","format":"standard","meta":{"footnotes":""},"categories":[9],"tags":[],"class_list":["post-75026","post","type-post","status-publish","format-standard","has-post-thumbnail","hentry","category-la-banda"],"_links":{"self":[{"href":"http:\/\/elurbanoweb.com.ar\/diario\/wp-json\/wp\/v2\/posts\/75026","targetHints":{"allow":["GET"]}}],"collection":[{"href":"http:\/\/elurbanoweb.com.ar\/diario\/wp-json\/wp\/v2\/posts"}],"about":[{"href":"http:\/\/elurbanoweb.com.ar\/diario\/wp-json\/wp\/v2\/types\/post"}],"author":[{"embeddable":true,"href":"http:\/\/elurbanoweb.com.ar\/diario\/wp-json\/wp\/v2\/users\/1"}],"replies":[{"embeddable":true,"href":"http:\/\/elurbanoweb.com.ar\/diario\/wp-json\/wp\/v2\/comments?post=75026"}],"version-history":[{"count":1,"href":"http:\/\/elurbanoweb.com.ar\/diario\/wp-json\/wp\/v2\/posts\/75026\/revisions"}],"predecessor-version":[{"id":75028,"href":"http:\/\/elurbanoweb.com.ar\/diario\/wp-json\/wp\/v2\/posts\/75026\/revisions\/75028"}],"wp:featuredmedia":[{"embeddable":true,"href":"http:\/\/elurbanoweb.com.ar\/diario\/wp-json\/wp\/v2\/media\/75027"}],"wp:attachment":[{"href":"http:\/\/elurbanoweb.com.ar\/diario\/wp-json\/wp\/v2\/media?parent=75026"}],"wp:term":[{"taxonomy":"category","embeddable":true,"href":"http:\/\/elurbanoweb.com.ar\/diario\/wp-json\/wp\/v2\/categories?post=75026"},{"taxonomy":"post_tag","embeddable":true,"href":"http:\/\/elurbanoweb.com.ar\/diario\/wp-json\/wp\/v2\/tags?post=75026"}],"curies":[{"name":"wp","href":"https:\/\/api.w.org\/{rel}","templated":true}]}}