{"id":75029,"date":"2026-09-01T09:18:11","date_gmt":"2026-09-01T12:18:11","guid":{"rendered":"https:\/\/elurbanoweb.com.ar\/diario\/?p=75029"},"modified":"2026-09-01T09:18:11","modified_gmt":"2026-09-01T12:18:11","slug":"la-banda-se-prepara-para-vivir-el-primer-abrazo-bandeno","status":"publish","type":"post","link":"http:\/\/elurbanoweb.com.ar\/diario\/la-banda-se-prepara-para-vivir-el-primer-abrazo-bandeno\/","title":{"rendered":"La Banda se prepara para vivir el primer \u201cAbrazo Bande\u00f1o\u201d"},"content":{"rendered":"<p>Con el acompa\u00f1amiento de la Municipalidad de La Banda, el Consejo Municipal de Cultura de La Banda invita a toda la comunidad a participar del primer \u201cAbrazo Bande\u00f1o\u201d, una propuesta que se realizar\u00e1 el pr\u00f3ximo s\u00e1bado 5 de septiembre y que tendr\u00e1 como objetivo dar inicio al tradicional \u201cSeptiembre Bande\u00f1o.<\/p>\n<p><img loading=\"lazy\" decoding=\"async\" class=\"alignnone wp-image-75030 size-full\" src=\"http:\/\/elurbanoweb.com.ar\/diario\/wp-content\/uploads\/2026\/09\/abraso.jpg\" alt=\"\" width=\"1010\" height=\"567\" srcset=\"http:\/\/elurbanoweb.com.ar\/diario\/wp-content\/uploads\/2026\/09\/abraso.jpg 1010w, http:\/\/elurbanoweb.com.ar\/diario\/wp-content\/uploads\/2026\/09\/abraso-300x168.jpg 300w, http:\/\/elurbanoweb.com.ar\/diario\/wp-content\/uploads\/2026\/09\/abraso-150x84.jpg 150w\" sizes=\"auto, (max-width: 1010px) 100vw, 1010px\" \/><\/p>\n<p><!--more--><\/p>\n<p>La iniciativa reunir\u00e1 a m\u00e1s de 400 bailarines de distintas expresiones de la danza, quienes recorrer\u00e1n las calles de la ciudad para protagonizar una verdadera celebraci\u00f3n de la identidad y la cultura bande\u00f1a.<\/p>\n<p>De esta manera, desde la gesti\u00f3n del intendente Ing. Roger E. Nediani se siguen promoviendo las diferentes manifestaciones culturales en la ciudad de La Banda que la consolidan como \u201cCuna de Poetas, Cantores y Bailarines\u201d.<\/p>\n<p>El recorrido iniciar\u00e1 a las 10 e iniciar\u00e1 en la intersecci\u00f3n de Rivadavia y Pellegrini y culminar\u00e1 en la hist\u00f3rica Plaza Belgrano, donde los participantes y la comunidad se unir\u00e1n simb\u00f3licamente en un gran abrazo a la tierra y al pueblo bande\u00f1o, como una expresi\u00f3n colectiva del orgullo y el amor por la ciudad.<\/p>\n<p>En este emblem\u00e1tico espacio se entonar\u00e1 y bailar\u00e1 el Himno Cultural y Popular de La Banda, en un momento que buscar\u00e1 reunir a los vecinos alrededor de una de las expresiones m\u00e1s representativas de la identidad local.<\/p>\n","protected":false},"excerpt":{"rendered":"<p>Con el acompa\u00f1amiento de la Municipalidad de La Banda, el Consejo Municipal de Cultura de La Banda invita a toda la comunidad a participar del primer \u201cAbrazo Bande\u00f1o\u201d, una propuesta&hellip; <\/p>\n","protected":false},"author":1,"featured_media":75030,"comment_status":"closed","ping_status":"closed","sticky":false,"template":"","format":"standard","meta":{"footnotes":""},"categories":[9],"tags":[],"class_list":["post-75029","post","type-post","status-publish","format-standard","has-post-thumbnail","hentry","category-la-banda"],"_links":{"self":[{"href":"http:\/\/elurbanoweb.com.ar\/diario\/wp-json\/wp\/v2\/posts\/75029","targetHints":{"allow":["GET"]}}],"collection":[{"href":"http:\/\/elurbanoweb.com.ar\/diario\/wp-json\/wp\/v2\/posts"}],"about":[{"href":"http:\/\/elurbanoweb.com.ar\/diario\/wp-json\/wp\/v2\/types\/post"}],"author":[{"embeddable":true,"href":"http:\/\/elurbanoweb.com.ar\/diario\/wp-json\/wp\/v2\/users\/1"}],"replies":[{"embeddable":true,"href":"http:\/\/elurbanoweb.com.ar\/diario\/wp-json\/wp\/v2\/comments?post=75029"}],"version-history":[{"count":1,"href":"http:\/\/elurbanoweb.com.ar\/diario\/wp-json\/wp\/v2\/posts\/75029\/revisions"}],"predecessor-version":[{"id":75031,"href":"http:\/\/elurbanoweb.com.ar\/diario\/wp-json\/wp\/v2\/posts\/75029\/revisions\/75031"}],"wp:featuredmedia":[{"embeddable":true,"href":"http:\/\/elurbanoweb.com.ar\/diario\/wp-json\/wp\/v2\/media\/75030"}],"wp:attachment":[{"href":"http:\/\/elurbanoweb.com.ar\/diario\/wp-json\/wp\/v2\/media?parent=75029"}],"wp:term":[{"taxonomy":"category","embeddable":true,"href":"http:\/\/elurbanoweb.com.ar\/diario\/wp-json\/wp\/v2\/categories?post=75029"},{"taxonomy":"post_tag","embeddable":true,"href":"http:\/\/elurbanoweb.com.ar\/diario\/wp-json\/wp\/v2\/tags?post=75029"}],"curies":[{"name":"wp","href":"https:\/\/api.w.org\/{rel}","templated":true}]}}