{"id":75032,"date":"2026-09-01T09:19:47","date_gmt":"2026-09-01T12:19:47","guid":{"rendered":"https:\/\/elurbanoweb.com.ar\/diario\/?p=75032"},"modified":"2026-09-01T09:19:47","modified_gmt":"2026-09-01T12:19:47","slug":"el-pj-santiagueno-convocara-a-elecciones-internas-para-el-7-de-marzo-de-2027","status":"publish","type":"post","link":"http:\/\/elurbanoweb.com.ar\/diario\/el-pj-santiagueno-convocara-a-elecciones-internas-para-el-7-de-marzo-de-2027\/","title":{"rendered":"El PJ santiague\u00f1o convocar\u00e1 a elecciones internas para el 7 de marzo de 2027"},"content":{"rendered":"<p>El Consejo Provincial del Partido Justicialista Distrito Santiago del Estero se reuni\u00f3 este lunes por la ma\u00f1ana en la sede central partidaria, encabezado por el presidente del PJ local y senador nacional Jos\u00e9 Emilio Neder, donde se resolvi\u00f3 efectuar la convocatoria a elecciones internas para autoridades partidarias, que se realizar\u00e1n el domingo 7 de marzo de 2027.<\/p>\n<p><img loading=\"lazy\" decoding=\"async\" class=\"alignnone wp-image-75033 size-full\" src=\"http:\/\/elurbanoweb.com.ar\/diario\/wp-content\/uploads\/2026\/09\/partido3.jpg\" alt=\"\" width=\"1010\" height=\"567\" srcset=\"http:\/\/elurbanoweb.com.ar\/diario\/wp-content\/uploads\/2026\/09\/partido3.jpg 1010w, http:\/\/elurbanoweb.com.ar\/diario\/wp-content\/uploads\/2026\/09\/partido3-300x168.jpg 300w, http:\/\/elurbanoweb.com.ar\/diario\/wp-content\/uploads\/2026\/09\/partido3-150x84.jpg 150w\" sizes=\"auto, (max-width: 1010px) 100vw, 1010px\" \/><\/p>\n<p><!--more--><\/p>\n<p>En la oportunidad dado lo establecido por la Carta Org\u00e1nica Partidaria se elegir\u00e1n Presidente, 26 consejeros titulares y 12 suplentes del Consejo Provincial, Consejos Departamentales y Consejos de Circuito. Oportunamente se establecer\u00e1 y dar\u00e1 a conocer el Cronograma Electoral respectivo. Asimismo, cabe consignar que est\u00e1 vigente el per\u00edodo de afiliaci\u00f3n. Actualmente, m\u00e1s de 200 mil afiliados est\u00e1n en condiciones de votar.<\/p>\n<p>Durante la reuni\u00f3n del Consejo Provincial, Neder consider\u00f3: \u201cLas elecciones internas son muy importantes porque dan solidez a la estructura org\u00e1nica del Partido, y suman fortaleza pol\u00edtica en cada lugar. Adem\u00e1s, como siempre digo, deben servir para construir y mejorar\u201d.<\/p>\n<p>\u201cSantiago del Estero es uno de los pocos distritos del pa\u00eds donde se realizan las internas como corresponde. Esto podemos hacerlo porque tenemos el Partido ordenado y funcionando administrativamente. A nivel nacional somos los que mayor cantidad de congresales aportamos con relaci\u00f3n al padr\u00f3n de afiliados. Convocamos a la activa participaci\u00f3n de todos los compa\u00f1eros y compa\u00f1eras\u201d, remarc\u00f3.<\/p>\n","protected":false},"excerpt":{"rendered":"<p>El Consejo Provincial del Partido Justicialista Distrito Santiago del Estero se reuni\u00f3 este lunes por la ma\u00f1ana en la sede central partidaria, encabezado por el presidente del PJ local y&hellip; <\/p>\n","protected":false},"author":1,"featured_media":75033,"comment_status":"closed","ping_status":"closed","sticky":false,"template":"","format":"standard","meta":{"footnotes":""},"categories":[16],"tags":[],"class_list":["post-75032","post","type-post","status-publish","format-standard","has-post-thumbnail","hentry","category-locales"],"_links":{"self":[{"href":"http:\/\/elurbanoweb.com.ar\/diario\/wp-json\/wp\/v2\/posts\/75032","targetHints":{"allow":["GET"]}}],"collection":[{"href":"http:\/\/elurbanoweb.com.ar\/diario\/wp-json\/wp\/v2\/posts"}],"about":[{"href":"http:\/\/elurbanoweb.com.ar\/diario\/wp-json\/wp\/v2\/types\/post"}],"author":[{"embeddable":true,"href":"http:\/\/elurbanoweb.com.ar\/diario\/wp-json\/wp\/v2\/users\/1"}],"replies":[{"embeddable":true,"href":"http:\/\/elurbanoweb.com.ar\/diario\/wp-json\/wp\/v2\/comments?post=75032"}],"version-history":[{"count":1,"href":"http:\/\/elurbanoweb.com.ar\/diario\/wp-json\/wp\/v2\/posts\/75032\/revisions"}],"predecessor-version":[{"id":75034,"href":"http:\/\/elurbanoweb.com.ar\/diario\/wp-json\/wp\/v2\/posts\/75032\/revisions\/75034"}],"wp:featuredmedia":[{"embeddable":true,"href":"http:\/\/elurbanoweb.com.ar\/diario\/wp-json\/wp\/v2\/media\/75033"}],"wp:attachment":[{"href":"http:\/\/elurbanoweb.com.ar\/diario\/wp-json\/wp\/v2\/media?parent=75032"}],"wp:term":[{"taxonomy":"category","embeddable":true,"href":"http:\/\/elurbanoweb.com.ar\/diario\/wp-json\/wp\/v2\/categories?post=75032"},{"taxonomy":"post_tag","embeddable":true,"href":"http:\/\/elurbanoweb.com.ar\/diario\/wp-json\/wp\/v2\/tags?post=75032"}],"curies":[{"name":"wp","href":"https:\/\/api.w.org\/{rel}","templated":true}]}}