{"id":75038,"date":"2026-09-01T09:24:23","date_gmt":"2026-09-01T12:24:23","guid":{"rendered":"https:\/\/elurbanoweb.com.ar\/diario\/?p=75038"},"modified":"2026-09-01T09:24:23","modified_gmt":"2026-09-01T12:24:23","slug":"firman-convenio-para-fortalecer-la-sanidad-animal-en-la-provincia","status":"publish","type":"post","link":"http:\/\/elurbanoweb.com.ar\/diario\/firman-convenio-para-fortalecer-la-sanidad-animal-en-la-provincia\/","title":{"rendered":"Firman convenio para fortalecer la sanidad animal en la provincia"},"content":{"rendered":"<p>El Ministerio de Producci\u00f3n, Recursos Naturales, Forestaci\u00f3n y Tierras y el Consejo Profesional de M\u00e9dico Veterinarios acordaron implementar un modelo de gesti\u00f3n p\u00fablico-privado destinado a fortalecer el diagn\u00f3stico y la vigilancia sanitaria en el sector ganadero provincial.<\/p>\n<p><img loading=\"lazy\" decoding=\"async\" class=\"alignnone wp-image-75039 size-large\" src=\"http:\/\/elurbanoweb.com.ar\/diario\/wp-content\/uploads\/2026\/09\/fortalecer0-1024x576.jpeg\" alt=\"\" width=\"1024\" height=\"576\" srcset=\"http:\/\/elurbanoweb.com.ar\/diario\/wp-content\/uploads\/2026\/09\/fortalecer0-1024x576.jpeg 1024w, http:\/\/elurbanoweb.com.ar\/diario\/wp-content\/uploads\/2026\/09\/fortalecer0-300x169.jpeg 300w, http:\/\/elurbanoweb.com.ar\/diario\/wp-content\/uploads\/2026\/09\/fortalecer0-150x84.jpeg 150w, http:\/\/elurbanoweb.com.ar\/diario\/wp-content\/uploads\/2026\/09\/fortalecer0-1536x864.jpeg 1536w, http:\/\/elurbanoweb.com.ar\/diario\/wp-content\/uploads\/2026\/09\/fortalecer0-2048x1152.jpeg 2048w\" sizes=\"auto, (max-width: 1024px) 100vw, 1024px\" \/><\/p>\n<p><!--more--><\/p>\n<p>Para ello, este lunes, se firm\u00f3 en el Vivero San Carlos de La Banda un documento que fue rubricado por el titular de la cartera de Gobierno, N\u00e9stor Machado, y el presidente de la entidad que agrupa a los veterinarios, Mart\u00edn Victorio K\u00fchn.<\/p>\n<p>El convenio marco de comodato y cooperaci\u00f3n tiene como principal objetivo la puesta en funcionamiento y gesti\u00f3n del Laboratorio Provincial de Diagn\u00f3stico Veterinario, bajo un modelo de gesti\u00f3n p\u00fablico-privado, orientado a recuperar la infraestructura y el equipamiento disponibles y ampliar progresivamente las prestaciones destinadas al sector productivo.<\/p>\n<p>Entre las metas establecidas se encuentra la gesti\u00f3n de la habilitaci\u00f3n oficial ante el Senasa, como integrante de la Red Nacional de Laboratorios para el diagn\u00f3stico de brucelosis y otras enfermedades de inter\u00e9s sanitario. Asimismo, se prev\u00e9 incorporar nuevas prestaciones anal\u00edticas, entre ellas estudios de histopatolog\u00eda, diagn\u00f3stico de enfermedades reproductivas de transmisi\u00f3n ven\u00e9rea y diagn\u00f3stico parasitol\u00f3gico.<\/p>\n<p>La puesta en marcha se desarrollar\u00e1 en etapas, que incluyen la adecuaci\u00f3n edilicia, el inventario y adquisici\u00f3n del equipamiento; la tramitaci\u00f3n de la habilitaci\u00f3n oficial, capacitaci\u00f3n del personal e implementaci\u00f3n del sistema de gesti\u00f3n de calidad; y finalmente el inicio de las prestaciones diagn\u00f3sticas, la incorporaci\u00f3n progresiva de nuevas t\u00e9cnicas y el desarrollo del sistema provincial de vigilancia epidemiol\u00f3gica.<\/p>\n<p>En referencia al acuerdo, Machado expres\u00f3: \u201cEs un paso m\u00e1s que damos en la articulaci\u00f3n p\u00fablico-privada que ha iniciado sobre todo el gobernador El\u00edas Suarez, a trav\u00e9s del Consejo Econ\u00f3mico Social, en donde firm\u00f3 una carta intenci\u00f3n con todos los colegios profesionales, entre esos el Consejo de Veterinarios. Hoy damos un paso m\u00e1s en lo que es el laboratorio, firmamos este convenio con lo cual se van a poder realizar gestiones ante los organismos oficiales, como Senasa, para la habilitaci\u00f3n, teniendo en cuenta que la sanidad animal es un pilar estrat\u00e9gico en el desarrollo ganadero\u201d.<\/p>\n<p>Dijo que el laboratorio cuenta con equipamiento de \u00faltima generaci\u00f3n para distintos an\u00e1lisis y fortalecer tambi\u00e9n la cadena bovina, porcina, caprina u ovina.<br \/>\nPor su parte, K\u00fchn destac\u00f3 el impulso del Gobierno de la provincia a este tipo de iniciativas al recordar que ya se firm\u00f3 un convenio de este tipo para el trabajo conjunto.<\/p>\n<p>\u201cAgradecemos la confianza en la instituci\u00f3n, nosotros sabemos que estamos preparados y tenemos colegas preparados para trabajar interinstitucionalmente. Y tenemos ansias de comenzar este este proyecto de trabajar en el laboratorio. Pondremos todo el empe\u00f1o y responsabilidad que corresponde, para realizar este tipo de labor, principalmente para aumentar en conjunto el trabajo productivo a nivel provincial y tambi\u00e9n para afianzar estos lazos de trabajo interinstitucionales que para nosotros son muy importantes\u201d, se\u00f1al\u00f3.<\/p>\n","protected":false},"excerpt":{"rendered":"<p>El Ministerio de Producci\u00f3n, Recursos Naturales, Forestaci\u00f3n y Tierras y el Consejo Profesional de M\u00e9dico Veterinarios acordaron implementar un modelo de gesti\u00f3n p\u00fablico-privado destinado a fortalecer el diagn\u00f3stico y la&hellip; <\/p>\n","protected":false},"author":1,"featured_media":75039,"comment_status":"closed","ping_status":"closed","sticky":false,"template":"","format":"standard","meta":{"footnotes":""},"categories":[16],"tags":[],"class_list":["post-75038","post","type-post","status-publish","format-standard","has-post-thumbnail","hentry","category-locales"],"_links":{"self":[{"href":"http:\/\/elurbanoweb.com.ar\/diario\/wp-json\/wp\/v2\/posts\/75038","targetHints":{"allow":["GET"]}}],"collection":[{"href":"http:\/\/elurbanoweb.com.ar\/diario\/wp-json\/wp\/v2\/posts"}],"about":[{"href":"http:\/\/elurbanoweb.com.ar\/diario\/wp-json\/wp\/v2\/types\/post"}],"author":[{"embeddable":true,"href":"http:\/\/elurbanoweb.com.ar\/diario\/wp-json\/wp\/v2\/users\/1"}],"replies":[{"embeddable":true,"href":"http:\/\/elurbanoweb.com.ar\/diario\/wp-json\/wp\/v2\/comments?post=75038"}],"version-history":[{"count":1,"href":"http:\/\/elurbanoweb.com.ar\/diario\/wp-json\/wp\/v2\/posts\/75038\/revisions"}],"predecessor-version":[{"id":75040,"href":"http:\/\/elurbanoweb.com.ar\/diario\/wp-json\/wp\/v2\/posts\/75038\/revisions\/75040"}],"wp:featuredmedia":[{"embeddable":true,"href":"http:\/\/elurbanoweb.com.ar\/diario\/wp-json\/wp\/v2\/media\/75039"}],"wp:attachment":[{"href":"http:\/\/elurbanoweb.com.ar\/diario\/wp-json\/wp\/v2\/media?parent=75038"}],"wp:term":[{"taxonomy":"category","embeddable":true,"href":"http:\/\/elurbanoweb.com.ar\/diario\/wp-json\/wp\/v2\/categories?post=75038"},{"taxonomy":"post_tag","embeddable":true,"href":"http:\/\/elurbanoweb.com.ar\/diario\/wp-json\/wp\/v2\/tags?post=75038"}],"curies":[{"name":"wp","href":"https:\/\/api.w.org\/{rel}","templated":true}]}}