{"id":75041,"date":"2026-09-01T09:27:02","date_gmt":"2026-09-01T12:27:02","guid":{"rendered":"https:\/\/elurbanoweb.com.ar\/diario\/?p=75041"},"modified":"2026-09-01T09:27:02","modified_gmt":"2026-09-01T12:27:02","slug":"secretaria-academica-de-la-unse-informa-que-se-realizo-la-jornada-de-trabajo-del-consejo-consultivo-de-educacion-a-distancia","status":"publish","type":"post","link":"http:\/\/elurbanoweb.com.ar\/diario\/secretaria-academica-de-la-unse-informa-que-se-realizo-la-jornada-de-trabajo-del-consejo-consultivo-de-educacion-a-distancia\/","title":{"rendered":"Secretar\u00eda Acad\u00e9mica de la UNSE informa que se realiz\u00f3 la Jornada de Trabajo del Consejo Consultivo de Educaci\u00f3n a Distancia"},"content":{"rendered":"<p>Organizada desde el SIED-UNSE en la sala de reuniones. Estuvieron presentes Mercedes Quevedo por EIE, Leonor Infante por FHCSyS, Germ\u00e1n Dominguez y Lidia Maldonado por FCM y Pedro Ju\u00e1rez por la FAyA. Por parte del SIED-UNSE Ver\u00f3nica Leiva, Maria Laura Suarez y Saritha Figueroa.<\/p>\n<p><img loading=\"lazy\" decoding=\"async\" class=\"alignnone wp-image-75042 size-large\" src=\"http:\/\/elurbanoweb.com.ar\/diario\/wp-content\/uploads\/2026\/09\/consultivo-1024x576.jpg\" alt=\"\" width=\"1024\" height=\"576\" srcset=\"http:\/\/elurbanoweb.com.ar\/diario\/wp-content\/uploads\/2026\/09\/consultivo-1024x576.jpg 1024w, http:\/\/elurbanoweb.com.ar\/diario\/wp-content\/uploads\/2026\/09\/consultivo-300x169.jpg 300w, http:\/\/elurbanoweb.com.ar\/diario\/wp-content\/uploads\/2026\/09\/consultivo-150x84.jpg 150w, http:\/\/elurbanoweb.com.ar\/diario\/wp-content\/uploads\/2026\/09\/consultivo.jpg 1280w\" sizes=\"auto, (max-width: 1024px) 100vw, 1024px\" \/><\/p>\n<p><!--more--> Asimismo, fueron invitados referentes, coordinadores y\/o directores de carreras a distancia de cada Unidad Acad\u00e9mica; participaron Adriana Medina en representaci\u00f3n de la Licenciatura en Historia, Analia Cisneros y Ana Paula Cortes de la Licenciatura en ingl\u00e9s, ambas carreras con modalidad a distancia.<\/p>\n<p>Para esta instancia, se solicit\u00f3 a los integrantes del Consejo Consultivo de EaD un relevamiento sobre la normativa, reglamentaciones y criterios vigentes en su Facultad o Escuela vinculados con la evaluaci\u00f3n de los aprendizajes en carreras a distancia.<\/p>\n<p>El prop\u00f3sito de la jornada fue construir, de manera conjunta, criterios institucionales que sirvan de base para la elaboraci\u00f3n de la normativa sobre evaluaci\u00f3n de los aprendizajes.<\/p>\n","protected":false},"excerpt":{"rendered":"<p>Organizada desde el SIED-UNSE en la sala de reuniones. Estuvieron presentes Mercedes Quevedo por EIE, Leonor Infante por FHCSyS, Germ\u00e1n Dominguez y Lidia Maldonado por FCM y Pedro Ju\u00e1rez por&hellip; <\/p>\n","protected":false},"author":1,"featured_media":75042,"comment_status":"closed","ping_status":"closed","sticky":false,"template":"","format":"standard","meta":{"footnotes":""},"categories":[15],"tags":[],"class_list":["post-75041","post","type-post","status-publish","format-standard","has-post-thumbnail","hentry","category-unse"],"_links":{"self":[{"href":"http:\/\/elurbanoweb.com.ar\/diario\/wp-json\/wp\/v2\/posts\/75041","targetHints":{"allow":["GET"]}}],"collection":[{"href":"http:\/\/elurbanoweb.com.ar\/diario\/wp-json\/wp\/v2\/posts"}],"about":[{"href":"http:\/\/elurbanoweb.com.ar\/diario\/wp-json\/wp\/v2\/types\/post"}],"author":[{"embeddable":true,"href":"http:\/\/elurbanoweb.com.ar\/diario\/wp-json\/wp\/v2\/users\/1"}],"replies":[{"embeddable":true,"href":"http:\/\/elurbanoweb.com.ar\/diario\/wp-json\/wp\/v2\/comments?post=75041"}],"version-history":[{"count":1,"href":"http:\/\/elurbanoweb.com.ar\/diario\/wp-json\/wp\/v2\/posts\/75041\/revisions"}],"predecessor-version":[{"id":75043,"href":"http:\/\/elurbanoweb.com.ar\/diario\/wp-json\/wp\/v2\/posts\/75041\/revisions\/75043"}],"wp:featuredmedia":[{"embeddable":true,"href":"http:\/\/elurbanoweb.com.ar\/diario\/wp-json\/wp\/v2\/media\/75042"}],"wp:attachment":[{"href":"http:\/\/elurbanoweb.com.ar\/diario\/wp-json\/wp\/v2\/media?parent=75041"}],"wp:term":[{"taxonomy":"category","embeddable":true,"href":"http:\/\/elurbanoweb.com.ar\/diario\/wp-json\/wp\/v2\/categories?post=75041"},{"taxonomy":"post_tag","embeddable":true,"href":"http:\/\/elurbanoweb.com.ar\/diario\/wp-json\/wp\/v2\/tags?post=75041"}],"curies":[{"name":"wp","href":"https:\/\/api.w.org\/{rel}","templated":true}]}}