{"id":75044,"date":"2026-09-01T09:30:56","date_gmt":"2026-09-01T12:30:56","guid":{"rendered":"https:\/\/elurbanoweb.com.ar\/diario\/?p=75044"},"modified":"2026-09-01T09:30:56","modified_gmt":"2026-09-01T12:30:56","slug":"los-emotivos-mensajes-de-los-jugadores-de-la-seleccion-para-messi-tras-su-retiro","status":"publish","type":"post","link":"http:\/\/elurbanoweb.com.ar\/diario\/los-emotivos-mensajes-de-los-jugadores-de-la-seleccion-para-messi-tras-su-retiro\/","title":{"rendered":"Los emotivos mensajes de los jugadores de la Selecci\u00f3n para Messi tras su retiro"},"content":{"rendered":"<p>Tras el anuncio de su retiro de la Albiceleste, varios de sus compa\u00f1eros le dedicaron sentidas palabras al capit\u00e1n y recordaron todo lo que vivieron junto a \u00e9l.<\/p>\n<p><img loading=\"lazy\" decoding=\"async\" class=\"alignnone wp-image-75045 size-full\" src=\"http:\/\/elurbanoweb.com.ar\/diario\/wp-content\/uploads\/2026\/09\/messi6.jpg\" alt=\"\" width=\"750\" height=\"422\" srcset=\"http:\/\/elurbanoweb.com.ar\/diario\/wp-content\/uploads\/2026\/09\/messi6.jpg 750w, http:\/\/elurbanoweb.com.ar\/diario\/wp-content\/uploads\/2026\/09\/messi6-300x169.jpg 300w, http:\/\/elurbanoweb.com.ar\/diario\/wp-content\/uploads\/2026\/09\/messi6-150x84.jpg 150w\" sizes=\"auto, (max-width: 750px) 100vw, 750px\" \/><\/p>\n<p><!--more--><\/p>\n<p>La decisi\u00f3n de Lionel Messi de retirarse de la Selecci\u00f3n Argentina gener\u00f3 una enorme repercusi\u00f3n en el mundo del f\u00fatbol. Pero, adem\u00e1s de los millones de hinchas que despidieron al capit\u00e1n en las redes sociales, fueron sus propios compa\u00f1eros quienes tuvieron palabras especiales para el rosarino despu\u00e9s de anunciar el final de su ciclo con la Albiceleste.<\/p>\n<p>Los integrantes de la generaci\u00f3n que comparti\u00f3 con Messi los a\u00f1os m\u00e1s exitosos de la historia reciente de la Selecci\u00f3n se volcaron a las redes para agradecerle por todo lo vivido y destacar no solamente su legado dentro de la cancha, sino tambi\u00e9n la persona que conocieron puertas adentro.<\/p>\n<p>Uno de los mensajes m\u00e1s extensos y emotivos fue el de Rodrigo De Paul, uno de sus grandes amigos y socios durante los \u00faltimos a\u00f1os. El mediocampista record\u00f3 el liderazgo de Messi, su compromiso con el pa\u00eds y todo lo que atraves\u00f3 para finalmente conseguir los t\u00edtulos que tanto busc\u00f3.<\/p>\n<p>\u201cTu amor incondicional por nuestro pa\u00eds, tus batallas internas para nunca abandonar, tu fortaleza para siempre aguantar las injusticias, tu liderazgo y calidad humana con cada jugador que estaba en el predio para que se sienta bien\u201d, escribi\u00f3 De Paul.<\/p>\n<p>Y agreg\u00f3: \u201cSolo gracias, el m\u00e1s grande de toda la historia. Gracias por hacernos tan pero tan felices\u201d.<\/p>\n<p>El actual futbolista de Inter Miami tambi\u00e9n destac\u00f3 la relaci\u00f3n que construyeron durante los a\u00f1os en la Selecci\u00f3n y cerr\u00f3 su publicaci\u00f3n con una frase que resume el v\u00ednculo entre ambos: \u201cTe amo hermano. Qu\u00e9 orgullo haberlo vivido juntos\u201d.<\/p>\n<p>Paredes: \u201cLas palabras sobran cuando se trata de vos\u201d<br \/>\nOtro de los grandes referentes de la Selecci\u00f3n, Leandro Paredes, tambi\u00e9n le dedic\u00f3 un sentido mensaje al capit\u00e1n.<\/p>\n<p>\u201cCre\u00eda que ya estaba preparado para esta noticia pero claramente no era as\u00ed\u201d, comenz\u00f3 el mediocampista, quien agradeci\u00f3 a Messi por todo lo que signific\u00f3 para \u00e9l \u201ccomo argentino, como hincha de la selecci\u00f3n, como compa\u00f1ero y como amigo\u201d.<\/p>\n<p>Paredes destac\u00f3 adem\u00e1s que tuvo la fortuna de compartir con Messi \u201ceste proceso tan lindo de nuestra Selecci\u00f3n\u201d y cerr\u00f3 con un pedido: \u201cTe amo enano. Que seas siempre muy feliz. Nuestro pa\u00eds te va a estar siempre agradecido por todo lo que nos hiciste vivir\u201d.<\/p>\n<p>Di Mar\u00eda y una despedida desde la amistad<br \/>\n\u00c1ngel Di Mar\u00eda, otro de los grandes protagonistas de la generaci\u00f3n dorada, tampoco quiso quedarse afuera. Fideo, que comparti\u00f3 con Messi los t\u00edtulos de la Copa Am\u00e9rica, la Finalissima y el Mundial, expres\u00f3 lo dif\u00edcil que fue leer la noticia.<\/p>\n<p>\u201cQu\u00e9 dif\u00edcil es leer que te retiras, qu\u00e9 dif\u00edcil es leer que no vamos a verte m\u00e1s con la celeste y blanca\u201d, manifest\u00f3.<\/p>\n<p>El exjugador de la Selecci\u00f3n record\u00f3 que tuvo la suerte de haber nacido \u201cen el siglo correcto\u201d para poder verlo, disfrutarlo y compartir tantos a\u00f1os con \u00e9l.<\/p>\n<p>\u201cVerte cumplir todos tus sue\u00f1os y el m\u00e1s deseado que era ser campe\u00f3n del mundo\u201d, escribi\u00f3 Di Mar\u00eda, quien concluy\u00f3 con una frase contundente: \u201cSos eterno y el mejor de toda la HISTORIA\u201d.<\/p>\n<p>Enzo Fern\u00e1ndez y el sue\u00f1o de aquel chico que quer\u00eda jugar con Messi<\/p>\n<p>Uno de los mensajes que m\u00e1s repercusi\u00f3n gener\u00f3 fue el de Enzo Fern\u00e1ndez. El mediocampista record\u00f3 cuando era un chico y hac\u00eda cuentas para imaginar si alg\u00fan d\u00eda tendr\u00eda la posibilidad de compartir una cancha con su \u00eddolo.<\/p>\n<p>\u201cYo era un pibe y hac\u00eda cuentas con tu edad y la m\u00eda para ver si alg\u00fan d\u00eda llegaba a jugar con vos\u201d, cont\u00f3.<\/p>\n<p>Ese deseo termin\u00f3 convirti\u00e9ndose en realidad y en mucho m\u00e1s de lo que imaginaba: compartieron vestuario, concentraciones, momentos dif\u00edciles y terminaron siendo campeones del mundo juntos.<\/p>\n<p>\u201cHoy me cuesta imaginar la pr\u00f3xima concentraci\u00f3n sin vos. Salir a la cancha y no verte adelante, con la 10. Fueron tantos a\u00f1os vi\u00e9ndote ah\u00ed que parece imposible pensarlo de otra manera\u201d, escribi\u00f3.<\/p>\n<p>Y cerr\u00f3: \u201cQu\u00e9 suerte tuve, Leo. Gracias por tratarme como me trataste, por todo lo que me ense\u00f1aste y por dejarme compartir una parte de tu historia. Te vamos a extra\u00f1ar mucho, capit\u00e1n\u201d.<\/p>\n","protected":false},"excerpt":{"rendered":"<p>Tras el anuncio de su retiro de la Albiceleste, varios de sus compa\u00f1eros le dedicaron sentidas palabras al capit\u00e1n y recordaron todo lo que vivieron junto a \u00e9l.<\/p>\n","protected":false},"author":1,"featured_media":75045,"comment_status":"closed","ping_status":"closed","sticky":false,"template":"","format":"standard","meta":{"footnotes":""},"categories":[4],"tags":[],"class_list":["post-75044","post","type-post","status-publish","format-standard","has-post-thumbnail","hentry","category-deportes"],"_links":{"self":[{"href":"http:\/\/elurbanoweb.com.ar\/diario\/wp-json\/wp\/v2\/posts\/75044","targetHints":{"allow":["GET"]}}],"collection":[{"href":"http:\/\/elurbanoweb.com.ar\/diario\/wp-json\/wp\/v2\/posts"}],"about":[{"href":"http:\/\/elurbanoweb.com.ar\/diario\/wp-json\/wp\/v2\/types\/post"}],"author":[{"embeddable":true,"href":"http:\/\/elurbanoweb.com.ar\/diario\/wp-json\/wp\/v2\/users\/1"}],"replies":[{"embeddable":true,"href":"http:\/\/elurbanoweb.com.ar\/diario\/wp-json\/wp\/v2\/comments?post=75044"}],"version-history":[{"count":1,"href":"http:\/\/elurbanoweb.com.ar\/diario\/wp-json\/wp\/v2\/posts\/75044\/revisions"}],"predecessor-version":[{"id":75046,"href":"http:\/\/elurbanoweb.com.ar\/diario\/wp-json\/wp\/v2\/posts\/75044\/revisions\/75046"}],"wp:featuredmedia":[{"embeddable":true,"href":"http:\/\/elurbanoweb.com.ar\/diario\/wp-json\/wp\/v2\/media\/75045"}],"wp:attachment":[{"href":"http:\/\/elurbanoweb.com.ar\/diario\/wp-json\/wp\/v2\/media?parent=75044"}],"wp:term":[{"taxonomy":"category","embeddable":true,"href":"http:\/\/elurbanoweb.com.ar\/diario\/wp-json\/wp\/v2\/categories?post=75044"},{"taxonomy":"post_tag","embeddable":true,"href":"http:\/\/elurbanoweb.com.ar\/diario\/wp-json\/wp\/v2\/tags?post=75044"}],"curies":[{"name":"wp","href":"https:\/\/api.w.org\/{rel}","templated":true}]}}