{"id":75050,"date":"2026-09-01T09:35:33","date_gmt":"2026-09-01T12:35:33","guid":{"rendered":"https:\/\/elurbanoweb.com.ar\/diario\/?p=75050"},"modified":"2026-09-01T09:35:33","modified_gmt":"2026-09-01T12:35:33","slug":"santiago-recuerda-a-dardo-del-valle-gomez-el-patriarca-de-la-copla-argentina","status":"publish","type":"post","link":"http:\/\/elurbanoweb.com.ar\/diario\/santiago-recuerda-a-dardo-del-valle-gomez-el-patriarca-de-la-copla-argentina\/","title":{"rendered":"Santiago recuerda a Dardo del Valle G\u00f3mez, el Patriarca de la Copla Argentina"},"content":{"rendered":"<p>Como cada 1\u00b0 de septiembre, Santiago del Estero recuerda el paso a la inmortalidad de Dardo del Valle G\u00f3mez, destacado intelectual, poeta, folclorista e investigador argentino, consagrado como el \u201cPatriarca de la Copla Argentina\u201d (bautizado as\u00ed por Mercedes Sosa) y el \u201cPadre de la Copla Parda Latinoamericana\u201d.<\/p>\n<p><img loading=\"lazy\" decoding=\"async\" class=\"alignnone wp-image-75051 size-full\" src=\"http:\/\/elurbanoweb.com.ar\/diario\/wp-content\/uploads\/2026\/09\/dardo.jpg\" alt=\"\" width=\"1010\" height=\"567\" srcset=\"http:\/\/elurbanoweb.com.ar\/diario\/wp-content\/uploads\/2026\/09\/dardo.jpg 1010w, http:\/\/elurbanoweb.com.ar\/diario\/wp-content\/uploads\/2026\/09\/dardo-300x168.jpg 300w, http:\/\/elurbanoweb.com.ar\/diario\/wp-content\/uploads\/2026\/09\/dardo-150x84.jpg 150w\" sizes=\"auto, (max-width: 1010px) 100vw, 1010px\" \/><\/p>\n<p><!--more--><\/p>\n<p>Nacido el 7 de agosto de 1937 en Coro Pampa (Departamento San Mart\u00edn) y fallecido el 1 de septiembre de 2011, su vida y obra fusionaron de manera \u00fanica la oralidad ancestral del monte y el rigor te\u00f3rico, transformando la copla en una herramienta de reafirmaci\u00f3n identitaria, filos\u00f3fica y educativa.<\/p>\n<p>LOGROS DE GESTI\u00d3N CULTURAL<\/p>\n<p>A lo largo de su carrera p\u00fablica y comunitaria, lider\u00f3 hitos fundamentales para la institucionalizaci\u00f3n del arte en su provincia natal:<\/p>\n<p>Fundaci\u00f3n de la Direcci\u00f3n de Cultura: Co-cre\u00f3 en julio de 1962 el m\u00e1ximo organismo cultural de la provincia de Santiago del Estero, junto al actor Justo Jos\u00e9 Rojas y el presb\u00edtero Gerardo Montenegro.<\/p>\n<p>Creaci\u00f3n de instituciones musicales: Impuls\u00f3 y fund\u00f3 el Coro de Ni\u00f1os de la Provincia y la Escuela de Guitarras de Santiago del Estero.<\/p>\n<p>Instituci\u00f3n de efem\u00e9rides y s\u00edmbolos: Estableci\u00f3 el D\u00eda de la Cultura Santiague\u00f1a en honor al pensador Oreste Di Lullo y promovi\u00f3 la declaraci\u00f3n de la Virgen de Sumampa como Patrona de la Cultura.<\/p>\n<p>Innovaci\u00f3n en espacios culturales: Ide\u00f3 y sent\u00f3 las bases para el dise\u00f1o del prestigioso Centro Cultural del Bicentenario (CCB) y fue el responsable de nombrar la Avenida Leopoldo Lugones en la capital provincial.<\/p>\n<p>Consultor Vitalicio: Fue designado Consultor Honoris Vitalicio en materias folcl\u00f3ricas y de patrimonio inmaterial por su vasta trayectoria.<\/p>\n","protected":false},"excerpt":{"rendered":"<p>Como cada 1\u00b0 de septiembre, Santiago del Estero recuerda el paso a la inmortalidad de Dardo del Valle G\u00f3mez, destacado intelectual, poeta, folclorista e investigador argentino, consagrado como el \u201cPatriarca&hellip; <\/p>\n","protected":false},"author":1,"featured_media":75051,"comment_status":"closed","ping_status":"closed","sticky":false,"template":"","format":"standard","meta":{"footnotes":""},"categories":[16],"tags":[],"class_list":["post-75050","post","type-post","status-publish","format-standard","has-post-thumbnail","hentry","category-locales"],"_links":{"self":[{"href":"http:\/\/elurbanoweb.com.ar\/diario\/wp-json\/wp\/v2\/posts\/75050","targetHints":{"allow":["GET"]}}],"collection":[{"href":"http:\/\/elurbanoweb.com.ar\/diario\/wp-json\/wp\/v2\/posts"}],"about":[{"href":"http:\/\/elurbanoweb.com.ar\/diario\/wp-json\/wp\/v2\/types\/post"}],"author":[{"embeddable":true,"href":"http:\/\/elurbanoweb.com.ar\/diario\/wp-json\/wp\/v2\/users\/1"}],"replies":[{"embeddable":true,"href":"http:\/\/elurbanoweb.com.ar\/diario\/wp-json\/wp\/v2\/comments?post=75050"}],"version-history":[{"count":1,"href":"http:\/\/elurbanoweb.com.ar\/diario\/wp-json\/wp\/v2\/posts\/75050\/revisions"}],"predecessor-version":[{"id":75052,"href":"http:\/\/elurbanoweb.com.ar\/diario\/wp-json\/wp\/v2\/posts\/75050\/revisions\/75052"}],"wp:featuredmedia":[{"embeddable":true,"href":"http:\/\/elurbanoweb.com.ar\/diario\/wp-json\/wp\/v2\/media\/75051"}],"wp:attachment":[{"href":"http:\/\/elurbanoweb.com.ar\/diario\/wp-json\/wp\/v2\/media?parent=75050"}],"wp:term":[{"taxonomy":"category","embeddable":true,"href":"http:\/\/elurbanoweb.com.ar\/diario\/wp-json\/wp\/v2\/categories?post=75050"},{"taxonomy":"post_tag","embeddable":true,"href":"http:\/\/elurbanoweb.com.ar\/diario\/wp-json\/wp\/v2\/tags?post=75050"}],"curies":[{"name":"wp","href":"https:\/\/api.w.org\/{rel}","templated":true}]}}