{"id":75053,"date":"2026-09-01T09:37:31","date_gmt":"2026-09-01T12:37:31","guid":{"rendered":"https:\/\/elurbanoweb.com.ar\/diario\/?p=75053"},"modified":"2026-09-01T09:37:31","modified_gmt":"2026-09-01T12:37:31","slug":"se-realizo-el-acto-protocolar-de-cierre-de-la-semana-de-la-educacion-para-la-salud","status":"publish","type":"post","link":"http:\/\/elurbanoweb.com.ar\/diario\/se-realizo-el-acto-protocolar-de-cierre-de-la-semana-de-la-educacion-para-la-salud\/","title":{"rendered":"Se realiz\u00f3 el acto protocolar de cierre de la Semana de la Educaci\u00f3n para la Salud"},"content":{"rendered":"<p>Organizada conjuntamente por la Carrera de Educaci\u00f3n para la Salud de la Facultad de Humanidades, Ciencias Sociales y de la Salud de la UNSE y el Ministerio de Salud de la Provincia.<\/p>\n<p><img loading=\"lazy\" decoding=\"async\" class=\"alignnone wp-image-75054 size-large\" src=\"http:\/\/elurbanoweb.com.ar\/diario\/wp-content\/uploads\/2026\/09\/cierre7-1024x683.jpg\" alt=\"\" width=\"1024\" height=\"683\" srcset=\"http:\/\/elurbanoweb.com.ar\/diario\/wp-content\/uploads\/2026\/09\/cierre7-1024x683.jpg 1024w, http:\/\/elurbanoweb.com.ar\/diario\/wp-content\/uploads\/2026\/09\/cierre7-300x200.jpg 300w, http:\/\/elurbanoweb.com.ar\/diario\/wp-content\/uploads\/2026\/09\/cierre7-150x100.jpg 150w, http:\/\/elurbanoweb.com.ar\/diario\/wp-content\/uploads\/2026\/09\/cierre7-1536x1024.jpg 1536w, http:\/\/elurbanoweb.com.ar\/diario\/wp-content\/uploads\/2026\/09\/cierre7.jpg 2048w\" sizes=\"auto, (max-width: 1024px) 100vw, 1024px\" \/><\/p>\n<p><!--more--> En este marco, las autoridades participaron de una mesa panel sobre los avances en la implementaci\u00f3n de la Ley de Ejercicio Profesional en Educaci\u00f3n para la Salud. El panel estuvo integrado por el rector de la UNSE, Marcelino Ledesma; la decana de la Facultad de Humanidades, Ciencias Sociales y de la Salud, Sandra Moreira; la ministra de Salud, Natividad Nassif; y las coordinadoras de la carrera, Ivana Rust\u00e1n y Silvana Rizzolo. Tambi\u00e9n estuvo presente en el acto, la vicerrectora de la UNSE, Dra. Fernanda Mellano, junto a autoridades acad\u00e9micas y del Ministerio de Salud, docentes, estudiantes y profesionales.<\/p>\n<p>En el marco del cierre, la C\u00e1mara de Diputados de la Provincia hizo entrega a las autoridades de una declaraci\u00f3n de inter\u00e9s, en reconocimiento a la realizaci\u00f3n de esta iniciativa y a la trayectoria de la Educaci\u00f3n para la Salud en Santiago del Estero.<\/p>\n<p>Al finalizar, el Coro Estable de la Provincia brind\u00f3 una emotiva presentaci\u00f3n, acompa\u00f1ando este encuentro de celebraci\u00f3n y reconocimiento.<\/p>\n<p>La Semana de la Educaci\u00f3n para la Salud se desarroll\u00f3 bajo el lema \u201cCamino a los 50 a\u00f1os: trayectorias, identidad y desaf\u00edos profesionales\u201d, en el marco del D\u00eda de las y los Educadores para la Salud, que se conmemora cada 27 de agosto. Iniciadas el pasado lunes 24 de agosto, las actividades incluyeron jornadas de difusi\u00f3n, charlas-debate y propuestas de concientizaci\u00f3n impulsadas por la comunidad acad\u00e9mica de la carrera, con el objetivo de visibilizar la formaci\u00f3n, el ejercicio profesional y los aportes de la Educaci\u00f3n para la Salud a la comunidad.<\/p>\n","protected":false},"excerpt":{"rendered":"<p>Organizada conjuntamente por la Carrera de Educaci\u00f3n para la Salud de la Facultad de Humanidades, Ciencias Sociales y de la Salud de la UNSE y el Ministerio de Salud de&hellip; <\/p>\n","protected":false},"author":1,"featured_media":75054,"comment_status":"closed","ping_status":"closed","sticky":false,"template":"","format":"standard","meta":{"footnotes":""},"categories":[16,15],"tags":[],"class_list":["post-75053","post","type-post","status-publish","format-standard","has-post-thumbnail","hentry","category-locales","category-unse"],"_links":{"self":[{"href":"http:\/\/elurbanoweb.com.ar\/diario\/wp-json\/wp\/v2\/posts\/75053","targetHints":{"allow":["GET"]}}],"collection":[{"href":"http:\/\/elurbanoweb.com.ar\/diario\/wp-json\/wp\/v2\/posts"}],"about":[{"href":"http:\/\/elurbanoweb.com.ar\/diario\/wp-json\/wp\/v2\/types\/post"}],"author":[{"embeddable":true,"href":"http:\/\/elurbanoweb.com.ar\/diario\/wp-json\/wp\/v2\/users\/1"}],"replies":[{"embeddable":true,"href":"http:\/\/elurbanoweb.com.ar\/diario\/wp-json\/wp\/v2\/comments?post=75053"}],"version-history":[{"count":1,"href":"http:\/\/elurbanoweb.com.ar\/diario\/wp-json\/wp\/v2\/posts\/75053\/revisions"}],"predecessor-version":[{"id":75055,"href":"http:\/\/elurbanoweb.com.ar\/diario\/wp-json\/wp\/v2\/posts\/75053\/revisions\/75055"}],"wp:featuredmedia":[{"embeddable":true,"href":"http:\/\/elurbanoweb.com.ar\/diario\/wp-json\/wp\/v2\/media\/75054"}],"wp:attachment":[{"href":"http:\/\/elurbanoweb.com.ar\/diario\/wp-json\/wp\/v2\/media?parent=75053"}],"wp:term":[{"taxonomy":"category","embeddable":true,"href":"http:\/\/elurbanoweb.com.ar\/diario\/wp-json\/wp\/v2\/categories?post=75053"},{"taxonomy":"post_tag","embeddable":true,"href":"http:\/\/elurbanoweb.com.ar\/diario\/wp-json\/wp\/v2\/tags?post=75053"}],"curies":[{"name":"wp","href":"https:\/\/api.w.org\/{rel}","templated":true}]}}