{"id":75056,"date":"2026-09-01T09:39:02","date_gmt":"2026-09-01T12:39:02","guid":{"rendered":"https:\/\/elurbanoweb.com.ar\/diario\/?p=75056"},"modified":"2026-09-01T09:39:02","modified_gmt":"2026-09-01T12:39:02","slug":"jardines-de-infantes-de-la-municipalidad-participaran-de-la-xxiii-edicion-de-la-feria-provincial-de-ciencias-y-tecnologia","status":"publish","type":"post","link":"http:\/\/elurbanoweb.com.ar\/diario\/jardines-de-infantes-de-la-municipalidad-participaran-de-la-xxiii-edicion-de-la-feria-provincial-de-ciencias-y-tecnologia\/","title":{"rendered":"Jardines de infantes de la Municipalidad participar\u00e1n de la XXIII edici\u00f3n de la Feria Provincial de Ciencias y Tecnolog\u00eda"},"content":{"rendered":"<p>Los jardines de infantes de la Municipalidad de la Capital participar\u00e1n de la Feria Provincial de Ciencias y Tecnolog\u00eda en su XXIII edici\u00f3n, a realizarse los d\u00edas 2 y 3 de septiembre pr\u00f3ximos en las instalaciones del Nodo Tecnol\u00f3gico.<\/p>\n<p><img loading=\"lazy\" decoding=\"async\" class=\"alignnone wp-image-75057 size-large\" src=\"http:\/\/elurbanoweb.com.ar\/diario\/wp-content\/uploads\/2026\/09\/ciencia7-1024x682.jpg\" alt=\"\" width=\"1024\" height=\"682\" srcset=\"http:\/\/elurbanoweb.com.ar\/diario\/wp-content\/uploads\/2026\/09\/ciencia7-1024x682.jpg 1024w, http:\/\/elurbanoweb.com.ar\/diario\/wp-content\/uploads\/2026\/09\/ciencia7-300x200.jpg 300w, http:\/\/elurbanoweb.com.ar\/diario\/wp-content\/uploads\/2026\/09\/ciencia7-150x100.jpg 150w, http:\/\/elurbanoweb.com.ar\/diario\/wp-content\/uploads\/2026\/09\/ciencia7-1536x1023.jpg 1536w, http:\/\/elurbanoweb.com.ar\/diario\/wp-content\/uploads\/2026\/09\/ciencia7.jpg 1600w\" sizes=\"auto, (max-width: 1024px) 100vw, 1024px\" \/><\/p>\n<p><!--more--> En esta ocasi\u00f3n, se presentar\u00e1n 8 proyectos enmarcados en los ejes de trabajo de la pol\u00edtica educativa municipal, que ya pasaron de la instancia regional a la provincial.<\/p>\n<p>Su participaci\u00f3n en feria de ciencias constituye una experiencia educativa significativa, que permite que los ni\u00f1os se aproximen al conocimiento cient\u00edfico desde la curiosidad, la exploraci\u00f3n y el juego, y que hace visible el proceso de aprendizaje, las preguntas que surgieron, las hip\u00f3tesis formuladas, las experiencias realizadas y las conclusiones construidas.<\/p>\n<p>En esta edici\u00f3n, participar\u00e1n: el Jard\u00edn de Infantes N\u00ba 1 \u201cBlancanieves\u201d con el proyecto tem\u00e1tico \u201cEl coraz\u00f3n de Santiago late en el Parque Aguirre\u201d; el Jard\u00edn de Infantes N\u00ba 12 \u201cArco Iris\u201d y su proyecto \u201cCazadores de Meteoritos\u201d; el Jard\u00edn de Infantes N\u00ba 12 \u201cArco Iris\u201d con \u201cPanajedrez Sachero\u201d; el jard\u00edn de Infantes N\u00ba 15 \u201cIsabel Rodr\u00edguez de P\u00e1ez\u201d y el proyecto: \u201cMisi\u00f3n R\u00edo Dulce: \u00a1Alerta Bot al rescate!\u201d.<\/p>\n<p>Tambi\u00e9n el Jard\u00edn de Infantes N\u00ba 15 \u201cIsabel Rodr\u00edguez de P\u00e1ez\u201d con \u201cMidiendo y Jugando: Nuestro patio vamos ampliando\u201d; tambi\u00e9n el Jard\u00edn de Infantes N\u00ba 18 \u201cIng. Bruno Volta\u201d con \u201cTramas del monte\u201d; el Jard\u00edn de Infantes Municipal N\u00ba 22 \u201cVirgen del Carmen\u201d con el proyecto: \u201cUn Dique Inteligente\u201d y el Jard\u00edn de Infantes N\u00ba 24 \u201cHilda Josefa D\u00edaz de Rocha\u201d y el proyecto \u201c\u00bfPlaga o Vida? El Misterio de las Orugas\u201d.<\/p>\n","protected":false},"excerpt":{"rendered":"<p>Los jardines de infantes de la Municipalidad de la Capital participar\u00e1n de la Feria Provincial de Ciencias y Tecnolog\u00eda en su XXIII edici\u00f3n, a realizarse los d\u00edas 2 y 3&hellip; <\/p>\n","protected":false},"author":1,"featured_media":75057,"comment_status":"closed","ping_status":"closed","sticky":false,"template":"","format":"standard","meta":{"footnotes":""},"categories":[3],"tags":[],"class_list":["post-75056","post","type-post","status-publish","format-standard","has-post-thumbnail","hentry","category-municipio"],"_links":{"self":[{"href":"http:\/\/elurbanoweb.com.ar\/diario\/wp-json\/wp\/v2\/posts\/75056","targetHints":{"allow":["GET"]}}],"collection":[{"href":"http:\/\/elurbanoweb.com.ar\/diario\/wp-json\/wp\/v2\/posts"}],"about":[{"href":"http:\/\/elurbanoweb.com.ar\/diario\/wp-json\/wp\/v2\/types\/post"}],"author":[{"embeddable":true,"href":"http:\/\/elurbanoweb.com.ar\/diario\/wp-json\/wp\/v2\/users\/1"}],"replies":[{"embeddable":true,"href":"http:\/\/elurbanoweb.com.ar\/diario\/wp-json\/wp\/v2\/comments?post=75056"}],"version-history":[{"count":1,"href":"http:\/\/elurbanoweb.com.ar\/diario\/wp-json\/wp\/v2\/posts\/75056\/revisions"}],"predecessor-version":[{"id":75058,"href":"http:\/\/elurbanoweb.com.ar\/diario\/wp-json\/wp\/v2\/posts\/75056\/revisions\/75058"}],"wp:featuredmedia":[{"embeddable":true,"href":"http:\/\/elurbanoweb.com.ar\/diario\/wp-json\/wp\/v2\/media\/75057"}],"wp:attachment":[{"href":"http:\/\/elurbanoweb.com.ar\/diario\/wp-json\/wp\/v2\/media?parent=75056"}],"wp:term":[{"taxonomy":"category","embeddable":true,"href":"http:\/\/elurbanoweb.com.ar\/diario\/wp-json\/wp\/v2\/categories?post=75056"},{"taxonomy":"post_tag","embeddable":true,"href":"http:\/\/elurbanoweb.com.ar\/diario\/wp-json\/wp\/v2\/tags?post=75056"}],"curies":[{"name":"wp","href":"https:\/\/api.w.org\/{rel}","templated":true}]}}