{"id":75059,"date":"2026-09-01T09:40:51","date_gmt":"2026-09-01T12:40:51","guid":{"rendered":"https:\/\/elurbanoweb.com.ar\/diario\/?p=75059"},"modified":"2026-09-01T09:40:51","modified_gmt":"2026-09-01T12:40:51","slug":"termas-de-rio-hondo-fue-sede-del-ii-congreso-interdisciplinario-de-medicina-hormonal-regenerativa-y-funcional-del-noa","status":"publish","type":"post","link":"http:\/\/elurbanoweb.com.ar\/diario\/termas-de-rio-hondo-fue-sede-del-ii-congreso-interdisciplinario-de-medicina-hormonal-regenerativa-y-funcional-del-noa\/","title":{"rendered":"Termas de R\u00edo Hondo fue sede del II Congreso Interdisciplinario de Medicina Hormonal, Regenerativa y Funcional del NOA"},"content":{"rendered":"<p>Los d\u00edas 28 y 29 de agosto, la ciudad de Las Termas de R\u00edo Hondo fue escenario del II Congreso Interdisciplinario de Medicina Hormonal, Regenerativa y Funcional del NOA (C.I.M.H.Re.F.), que se desarroll\u00f3 en las instalaciones del Gran Am\u00e9rian Carlos V. El evento, organizado por DEMFAR de Miguel Auad, convoc\u00f3 a 250 profesionales de la salud provenientes de diferentes regiones del pa\u00eds.<\/p>\n<p><img loading=\"lazy\" decoding=\"async\" class=\"alignnone wp-image-75060 size-full\" src=\"http:\/\/elurbanoweb.com.ar\/diario\/wp-content\/uploads\/2026\/09\/sede3.jpg\" alt=\"\" width=\"1010\" height=\"567\" srcset=\"http:\/\/elurbanoweb.com.ar\/diario\/wp-content\/uploads\/2026\/09\/sede3.jpg 1010w, http:\/\/elurbanoweb.com.ar\/diario\/wp-content\/uploads\/2026\/09\/sede3-300x168.jpg 300w, http:\/\/elurbanoweb.com.ar\/diario\/wp-content\/uploads\/2026\/09\/sede3-150x84.jpg 150w\" sizes=\"auto, (max-width: 1010px) 100vw, 1010px\" \/><\/p>\n<p><!--more--><\/p>\n<p>Durante las dos jornadas, m\u00e9dicos, odont\u00f3logos y profesionales de distintas \u00e1reas participaron de conferencias, mesas de discusi\u00f3n, an\u00e1lisis de casos cl\u00ednicos y espacios de intercambio, a cargo de especialistas nacionales y regionales. El objetivo central del Congreso fue promover la actualizaci\u00f3n profesional desde una mirada interdisciplinaria, acercando nuevas terap\u00e9uticas, procedimientos y herramientas vinculadas a \u00e1reas en pleno desarrollo dentro de la medicina actual.<\/p>\n<p>Dos salas, dos enfoques<\/p>\n<p>La propuesta acad\u00e9mica se organiz\u00f3 en dos salas tem\u00e1ticas simult\u00e1neas. Una de ellas estuvo centrada en la medicina hormonal, funcional, ortomolecular y regenerativa, con ejes como hormonas bioid\u00e9nticas, sueroterapia, suplementaci\u00f3n, medicina regenerativa, alimentaci\u00f3n y entrenamiento.<\/p>\n<p>La segunda sala estuvo dedicada a la medicina est\u00e9tica, con contenidos sobre tratamientos faciales, corporales y de zonas \u00edntimas, \u00e1cido hialur\u00f3nico, bioestimuladores, exosomas, biop\u00e9ptidos, mesoterapia y aparatolog\u00eda, entre otras alternativas terap\u00e9uticas.<\/p>\n<p>Demostraciones en vivo, uno de los puntos destacados<\/p>\n<p>Un aspecto saliente de esta segunda edici\u00f3n fue la realizaci\u00f3n de demostraciones en vivo de distintos tratamientos y procedimientos, que permitieron a los asistentes conocer de manera directa la aplicaci\u00f3n pr\u00e1ctica de las t\u00e9cnicas presentadas durante las exposiciones cient\u00edficas.<\/p>\n<p>Adem\u00e1s de su propuesta acad\u00e9mica, el Congreso funcion\u00f3 como un espacio de encuentro entre profesionales, disertantes y empresas del sector, favoreciendo el intercambio de experiencias y la generaci\u00f3n de nuevos v\u00ednculos de trabajo.<\/p>\n<p>Un espacio que sigue creciendo<\/p>\n<p>Desde la organizaci\u00f3n remarcaron el crecimiento del encuentro y su intenci\u00f3n de consolidar al NOA como escenario de formaci\u00f3n e innovaci\u00f3n cient\u00edfica en \u00e1reas de constante evoluci\u00f3n dentro de la medicina. Tambi\u00e9n destacaron el acompa\u00f1amiento de disertantes, profesionales, empresas e instituciones que hicieron posible el desarrollo de las dos jornadas.<\/p>\n<p>Tras el balance positivo de esta edici\u00f3n, la organizaci\u00f3n ya trabaja en la preparaci\u00f3n del III C.I.M.H.Re.F., que se realizar\u00e1 en 2027, con el objetivo de seguir ampliando este espacio de actualizaci\u00f3n cient\u00edfica y encuentro profesional.<\/p>\n","protected":false},"excerpt":{"rendered":"<p>Los d\u00edas 28 y 29 de agosto, la ciudad de Las Termas de R\u00edo Hondo fue escenario del II Congreso Interdisciplinario de Medicina Hormonal, Regenerativa y Funcional del NOA (C.I.M.H.Re.F.),&hellip; <\/p>\n","protected":false},"author":1,"featured_media":75060,"comment_status":"closed","ping_status":"closed","sticky":false,"template":"","format":"standard","meta":{"footnotes":""},"categories":[16],"tags":[],"class_list":["post-75059","post","type-post","status-publish","format-standard","has-post-thumbnail","hentry","category-locales"],"_links":{"self":[{"href":"http:\/\/elurbanoweb.com.ar\/diario\/wp-json\/wp\/v2\/posts\/75059","targetHints":{"allow":["GET"]}}],"collection":[{"href":"http:\/\/elurbanoweb.com.ar\/diario\/wp-json\/wp\/v2\/posts"}],"about":[{"href":"http:\/\/elurbanoweb.com.ar\/diario\/wp-json\/wp\/v2\/types\/post"}],"author":[{"embeddable":true,"href":"http:\/\/elurbanoweb.com.ar\/diario\/wp-json\/wp\/v2\/users\/1"}],"replies":[{"embeddable":true,"href":"http:\/\/elurbanoweb.com.ar\/diario\/wp-json\/wp\/v2\/comments?post=75059"}],"version-history":[{"count":1,"href":"http:\/\/elurbanoweb.com.ar\/diario\/wp-json\/wp\/v2\/posts\/75059\/revisions"}],"predecessor-version":[{"id":75061,"href":"http:\/\/elurbanoweb.com.ar\/diario\/wp-json\/wp\/v2\/posts\/75059\/revisions\/75061"}],"wp:featuredmedia":[{"embeddable":true,"href":"http:\/\/elurbanoweb.com.ar\/diario\/wp-json\/wp\/v2\/media\/75060"}],"wp:attachment":[{"href":"http:\/\/elurbanoweb.com.ar\/diario\/wp-json\/wp\/v2\/media?parent=75059"}],"wp:term":[{"taxonomy":"category","embeddable":true,"href":"http:\/\/elurbanoweb.com.ar\/diario\/wp-json\/wp\/v2\/categories?post=75059"},{"taxonomy":"post_tag","embeddable":true,"href":"http:\/\/elurbanoweb.com.ar\/diario\/wp-json\/wp\/v2\/tags?post=75059"}],"curies":[{"name":"wp","href":"https:\/\/api.w.org\/{rel}","templated":true}]}}