{"id":75062,"date":"2026-09-01T12:02:32","date_gmt":"2026-09-01T15:02:32","guid":{"rendered":"https:\/\/elurbanoweb.com.ar\/diario\/?p=75062"},"modified":"2026-09-01T12:02:32","modified_gmt":"2026-09-01T15:02:32","slug":"operativo-integral-de-desmalezamiento-organizado-por-la-direccion-de-servicios-urbanos","status":"publish","type":"post","link":"http:\/\/elurbanoweb.com.ar\/diario\/operativo-integral-de-desmalezamiento-organizado-por-la-direccion-de-servicios-urbanos\/","title":{"rendered":"Operativo integral de desmalezamiento organizado por la Direcci\u00f3n de Servicios Urbanos"},"content":{"rendered":"<p>Avenida de circunvalaci\u00f3n desde Ruta 9 hasta avenida Sol\u00eds, en un total de 3.700 metros lineales.<\/p>\n<p><img loading=\"lazy\" decoding=\"async\" class=\"alignnone wp-image-75063 size-full\" src=\"http:\/\/elurbanoweb.com.ar\/diario\/wp-content\/uploads\/2026\/09\/lineales.jpg\" alt=\"\" width=\"951\" height=\"542\" srcset=\"http:\/\/elurbanoweb.com.ar\/diario\/wp-content\/uploads\/2026\/09\/lineales.jpg 951w, http:\/\/elurbanoweb.com.ar\/diario\/wp-content\/uploads\/2026\/09\/lineales-300x171.jpg 300w, http:\/\/elurbanoweb.com.ar\/diario\/wp-content\/uploads\/2026\/09\/lineales-150x85.jpg 150w\" sizes=\"auto, (max-width: 951px) 100vw, 951px\" \/><\/p>\n<p><!--more--> Trabajos sobre boulevar, platabandas y caminer\u00eda.<\/p>\n","protected":false},"excerpt":{"rendered":"<p>Avenida de circunvalaci\u00f3n desde Ruta 9 hasta avenida Sol\u00eds, en un total de 3.700 metros lineales.<\/p>\n","protected":false},"author":1,"featured_media":75063,"comment_status":"closed","ping_status":"closed","sticky":false,"template":"","format":"standard","meta":{"footnotes":""},"categories":[3],"tags":[],"class_list":["post-75062","post","type-post","status-publish","format-standard","has-post-thumbnail","hentry","category-municipio"],"_links":{"self":[{"href":"http:\/\/elurbanoweb.com.ar\/diario\/wp-json\/wp\/v2\/posts\/75062","targetHints":{"allow":["GET"]}}],"collection":[{"href":"http:\/\/elurbanoweb.com.ar\/diario\/wp-json\/wp\/v2\/posts"}],"about":[{"href":"http:\/\/elurbanoweb.com.ar\/diario\/wp-json\/wp\/v2\/types\/post"}],"author":[{"embeddable":true,"href":"http:\/\/elurbanoweb.com.ar\/diario\/wp-json\/wp\/v2\/users\/1"}],"replies":[{"embeddable":true,"href":"http:\/\/elurbanoweb.com.ar\/diario\/wp-json\/wp\/v2\/comments?post=75062"}],"version-history":[{"count":1,"href":"http:\/\/elurbanoweb.com.ar\/diario\/wp-json\/wp\/v2\/posts\/75062\/revisions"}],"predecessor-version":[{"id":75064,"href":"http:\/\/elurbanoweb.com.ar\/diario\/wp-json\/wp\/v2\/posts\/75062\/revisions\/75064"}],"wp:featuredmedia":[{"embeddable":true,"href":"http:\/\/elurbanoweb.com.ar\/diario\/wp-json\/wp\/v2\/media\/75063"}],"wp:attachment":[{"href":"http:\/\/elurbanoweb.com.ar\/diario\/wp-json\/wp\/v2\/media?parent=75062"}],"wp:term":[{"taxonomy":"category","embeddable":true,"href":"http:\/\/elurbanoweb.com.ar\/diario\/wp-json\/wp\/v2\/categories?post=75062"},{"taxonomy":"post_tag","embeddable":true,"href":"http:\/\/elurbanoweb.com.ar\/diario\/wp-json\/wp\/v2\/tags?post=75062"}],"curies":[{"name":"wp","href":"https:\/\/api.w.org\/{rel}","templated":true}]}}