{"id":75065,"date":"2026-09-01T13:52:07","date_gmt":"2026-09-01T16:52:07","guid":{"rendered":"https:\/\/elurbanoweb.com.ar\/diario\/?p=75065"},"modified":"2026-09-01T13:52:07","modified_gmt":"2026-09-01T16:52:07","slug":"investigadores-de-unse-llevan-problematicas-del-territorio-santiagueno-a-una-red-internacional-de-investigacion","status":"publish","type":"post","link":"http:\/\/elurbanoweb.com.ar\/diario\/investigadores-de-unse-llevan-problematicas-del-territorio-santiagueno-a-una-red-internacional-de-investigacion\/","title":{"rendered":"Investigadores de UNSE llevan problem\u00e1ticas del territorio santiague\u00f1o a una red internacional de investigaci\u00f3n"},"content":{"rendered":"<p>La Universidad Nacional de Santiago del Estero (UNSE), a trav\u00e9s de docentes, investigadoras y estudiantes de la Facultad de Humanidades, Ciencias Sociales y de la Salud, forma parte del Grupo Especial CLACSO\/UGI \u201cMovimientos socioterritoriales en perspectiva cr\u00edtica y comparada\u201d, un espacio acad\u00e9mico internacional que re\u00fane a investigadores de distintos pa\u00edses de Am\u00e9rica Latina, el Caribe y Europa para analizar las disputas, resistencias y transformaciones que se producen en los territorios.<\/p>\n<p><img loading=\"lazy\" decoding=\"async\" class=\"alignnone wp-image-75066 size-full\" src=\"http:\/\/elurbanoweb.com.ar\/diario\/wp-content\/uploads\/2026\/09\/problematica1.jpeg\" alt=\"\" width=\"1024\" height=\"518\" srcset=\"http:\/\/elurbanoweb.com.ar\/diario\/wp-content\/uploads\/2026\/09\/problematica1.jpeg 1024w, http:\/\/elurbanoweb.com.ar\/diario\/wp-content\/uploads\/2026\/09\/problematica1-300x152.jpeg 300w, http:\/\/elurbanoweb.com.ar\/diario\/wp-content\/uploads\/2026\/09\/problematica1-150x76.jpeg 150w\" sizes=\"auto, (max-width: 1024px) 100vw, 1024px\" \/><\/p>\n<p><!--more--><\/p>\n<p>La participaci\u00f3n de la UNSE en este proyecto constituye un hecho significativo no solo por el alcance internacional de la iniciativa, sino tambi\u00e9n porque pone en valor el trabajo sostenido que desde hace a\u00f1os se desarrolla en la universidad en torno a las problem\u00e1ticas territoriales, los movimientos sociales y las realidades rurales de la regi\u00f3n.<\/p>\n<p>Desde Humanidades participan las docentes e investigadora Andrea G\u00f3mez Herrea y Jessica Fonzo Bola\u00f1ez, quien adem\u00e1s integra la coordinaci\u00f3n junto a pares de Colombia y Paraguay. Adem\u00e1s, se incorporaron estudiantes de la carrera de Sociolog\u00eda, Agostina Ruffino y Sof\u00eda Carballo, que comienzan a participar de una instancia de investigaci\u00f3n y articulaci\u00f3n acad\u00e9mica de alcance internacional.<\/p>\n<p>La coordinadora del grupo, Jessica Fonzo Bola\u00f1ez, explic\u00f3 que el proyecto es el resultado de una larga trayectoria de articulaci\u00f3n acad\u00e9mica e internacionalizaci\u00f3n de la investigaci\u00f3n. \u201cNo son cosas que se gestan de la noche a la ma\u00f1ana, sino que son producto de experiencias de internacionalizaci\u00f3n que venimos realizando desde hace muchos a\u00f1os y que nos permiten avanzar desde redes regionales hacia espacios de alcance iberoamericano\u201d, se\u00f1al\u00f3 durante una entrevista en Radio Universidad.<\/p>\n<p>Actualmente, el Grupo Especial CLACSO\/UGI re\u00fane a alrededor de cincuenta integrantes entre docentes, investigadores y estudiantes de distintas instituciones acad\u00e9micas. Entre sus objetivos se encuentra el relevamiento y an\u00e1lisis de movimientos socioterritoriales vinculados a demandas por la tierra, el agua, el trabajo, la igualdad de g\u00e9nero, los derechos humanos y la defensa de los bienes comunes.<\/p>\n<p>PRESENCIA EN REDES INTERNACIONALES<\/p>\n<p>Uno de los aspectos destacados de esta participaci\u00f3n es que la UNSE, una universidad de tama\u00f1o relativamente menor en comparaci\u00f3n con otras instituciones nacionales, logr\u00f3 posicionarse dentro de una red acad\u00e9mica integrada por universidades y centros de investigaci\u00f3n de gran trayectoria.<\/p>\n<p>En ese sentido, Fonzo Bola\u00f1ez destac\u00f3 que el reconocimiento alcanzado responde a a\u00f1os de trabajo sostenido en investigaci\u00f3n y extensi\u00f3n. \u201cSi bien pertenecemos a una universidad que podr\u00eda considerarse chica en t\u00e9rminos estructurales, no nos tenemos que achicar. Existe una trayectoria muy importante de trabajo en investigaci\u00f3n y extensi\u00f3n que ha permitido construir conocimientos y generar di\u00e1logos permanentes entre la universidad y el territorio\u201d, afirm\u00f3.<\/p>\n<p>Por su parte, Andrea G\u00f3mez Herrera remarc\u00f3 adem\u00e1s que Santiago del Estero posee una rica experiencia en materia de movimientos campesinos, ind\u00edgenas, de g\u00e9nero y de derechos humanos, elementos que aportan una mirada singular dentro de los debates internacionales. \u201cEs una provincia con fuerte presencia de movimientos sociales que tienen reconocimiento nacional e internacional. Esa experiencia tambi\u00e9n forma parte de los aportes que la UNSE lleva a estos espacios de intercambio\u201d, sostuvo.<\/p>\n<p>ESTUDIANTES QUE SE INCORPORAN A LA INVESTIGACI\u00d3N INTERNACIONAL<\/p>\n<p>Otro aspecto central del proyecto es la participaci\u00f3n de estudiantes de la Licenciatura en Sociolog\u00eda, entre ellas Agostina Ruffino y Sof\u00eda Carballo, quienes comenzaron a integrarse a las actividades del grupo mientras a\u00fan cursan su carrera.<\/p>\n<p>La experiencia constituye un ejemplo concreto de c\u00f3mo la universidad p\u00fablica articula docencia e investigaci\u00f3n, permitiendo que los estudiantes participen de proyectos reales, interact\u00faen con investigadores de otros pa\u00edses y construyan redes acad\u00e9micas desde etapas tempranas de su formaci\u00f3n.<\/p>\n<p>\u201cEsta experiencia nos permiti\u00f3 pensar la investigaci\u00f3n de manera colaborativa y no como un proceso solitario. Pudimos intercambiar con docentes, investigadores y estudiantes de otros espacios, conocer otras formas de trabajo y fortalecer nuestros propios intereses de investigaci\u00f3n\u201d, expres\u00f3 Ruffino durante la entrevista.<\/p>\n<p>Por su parte, Carballo destac\u00f3 que la participaci\u00f3n en el proyecto ampl\u00eda horizontes acad\u00e9micos y profesionales. \u201cNos permite conocer c\u00f3mo trabajan investigadores de otros pa\u00edses y nos motiva a seguir profundizando nuestro recorrido dentro de la Sociolog\u00eda y la investigaci\u00f3n\u201d, se\u00f1al\u00f3.<\/p>\n<p>PROBLEM\u00c1TICAS REGIONALES A ESCENARIOS GLOBALES<\/p>\n<p>El grupo trabaja actualmente en el relevamiento y an\u00e1lisis de movimientos socioterritoriales de distintos pa\u00edses de Am\u00e9rica Latina y el Caribe. Uno de sus principales productos fue la elaboraci\u00f3n de un atlas que identific\u00f3 m\u00e1s de 330 movimientos en 12 pa\u00edses, visibilizando problem\u00e1ticas vinculadas a la tierra, el agua, el ambiente, los recursos naturales y las desigualdades sociales.<\/p>\n<p>Para la UNSE, integrar esta red significa la posibilidad de que las experiencias, conflictos y procesos sociales propios de Santiago del Estero formen parte de discusiones acad\u00e9micas internacionales, contribuyendo a la construcci\u00f3n de conocimiento desde una perspectiva latinoamericana.<\/p>\n<p>Adem\u00e1s, el proyecto busca que los resultados de las investigaciones no permanezcan exclusivamente en el \u00e1mbito acad\u00e9mico, sino que puedan aportar elementos para el dise\u00f1o de pol\u00edticas p\u00fablicas y para el fortalecimiento del di\u00e1logo entre universidades, organizaciones sociales y organismos estatales.<\/p>\n<p>La participaci\u00f3n de docentes, investigadoras y estudiantes de la Facultad de Humanidades en este Grupo Especial de CLACSO y la Uni\u00f3n Geogr\u00e1fica Internacional refleja el compromiso de la UNSE con una universidad p\u00fablica que investiga, forma recursos humanos y construye conocimiento en di\u00e1logo permanente con las problem\u00e1ticas de su territorio. Una experiencia que demuestra que, aun desde una universidad del interior del pa\u00eds, es posible generar aportes relevantes a los debates acad\u00e9micos internacionales y formar nuevas generaciones de investigadores comprometidos con las realidades sociales de la regi\u00f3n.<\/p>\n","protected":false},"excerpt":{"rendered":"<p>La Universidad Nacional de Santiago del Estero (UNSE), a trav\u00e9s de docentes, investigadoras y estudiantes de la Facultad de Humanidades, Ciencias Sociales y de la Salud, forma parte del Grupo&hellip; <\/p>\n","protected":false},"author":1,"featured_media":75066,"comment_status":"closed","ping_status":"closed","sticky":false,"template":"","format":"standard","meta":{"footnotes":""},"categories":[15],"tags":[],"class_list":["post-75065","post","type-post","status-publish","format-standard","has-post-thumbnail","hentry","category-unse"],"_links":{"self":[{"href":"http:\/\/elurbanoweb.com.ar\/diario\/wp-json\/wp\/v2\/posts\/75065","targetHints":{"allow":["GET"]}}],"collection":[{"href":"http:\/\/elurbanoweb.com.ar\/diario\/wp-json\/wp\/v2\/posts"}],"about":[{"href":"http:\/\/elurbanoweb.com.ar\/diario\/wp-json\/wp\/v2\/types\/post"}],"author":[{"embeddable":true,"href":"http:\/\/elurbanoweb.com.ar\/diario\/wp-json\/wp\/v2\/users\/1"}],"replies":[{"embeddable":true,"href":"http:\/\/elurbanoweb.com.ar\/diario\/wp-json\/wp\/v2\/comments?post=75065"}],"version-history":[{"count":1,"href":"http:\/\/elurbanoweb.com.ar\/diario\/wp-json\/wp\/v2\/posts\/75065\/revisions"}],"predecessor-version":[{"id":75067,"href":"http:\/\/elurbanoweb.com.ar\/diario\/wp-json\/wp\/v2\/posts\/75065\/revisions\/75067"}],"wp:featuredmedia":[{"embeddable":true,"href":"http:\/\/elurbanoweb.com.ar\/diario\/wp-json\/wp\/v2\/media\/75066"}],"wp:attachment":[{"href":"http:\/\/elurbanoweb.com.ar\/diario\/wp-json\/wp\/v2\/media?parent=75065"}],"wp:term":[{"taxonomy":"category","embeddable":true,"href":"http:\/\/elurbanoweb.com.ar\/diario\/wp-json\/wp\/v2\/categories?post=75065"},{"taxonomy":"post_tag","embeddable":true,"href":"http:\/\/elurbanoweb.com.ar\/diario\/wp-json\/wp\/v2\/tags?post=75065"}],"curies":[{"name":"wp","href":"https:\/\/api.w.org\/{rel}","templated":true}]}}