{"id":75068,"date":"2026-09-01T13:54:00","date_gmt":"2026-09-01T16:54:00","guid":{"rendered":"https:\/\/elurbanoweb.com.ar\/diario\/?p=75068"},"modified":"2026-09-01T13:54:00","modified_gmt":"2026-09-01T16:54:00","slug":"colonia-el-simbolar-incorporo-un-programa-de-empleo-destinado-a-personas-con-discapacidad","status":"publish","type":"post","link":"http:\/\/elurbanoweb.com.ar\/diario\/colonia-el-simbolar-incorporo-un-programa-de-empleo-destinado-a-personas-con-discapacidad\/","title":{"rendered":"Colonia El Simbolar incorpor\u00f3 un programa de empleo destinado a personas con discapacidad"},"content":{"rendered":"<p>La Comisi\u00f3n Municipal de Colonia El Simbolar anunci\u00f3 la incorporaci\u00f3n del programa nacional \u201cPromover la Igualdad de Oportunidades de Empleo\u201d, una iniciativa destinada a personas con discapacidad que se encuentran en situaci\u00f3n de desempleo y que busca favorecer su inserci\u00f3n laboral, el desarrollo de emprendimientos y el acceso a oportunidades de formaci\u00f3n.<\/p>\n<p><img loading=\"lazy\" decoding=\"async\" class=\"alignnone wp-image-75069 size-full\" src=\"http:\/\/elurbanoweb.com.ar\/diario\/wp-content\/uploads\/2026\/09\/colonia6.jpg\" alt=\"\" width=\"1010\" height=\"567\" srcset=\"http:\/\/elurbanoweb.com.ar\/diario\/wp-content\/uploads\/2026\/09\/colonia6.jpg 1010w, http:\/\/elurbanoweb.com.ar\/diario\/wp-content\/uploads\/2026\/09\/colonia6-300x168.jpg 300w, http:\/\/elurbanoweb.com.ar\/diario\/wp-content\/uploads\/2026\/09\/colonia6-150x84.jpg 150w\" sizes=\"auto, (max-width: 1010px) 100vw, 1010px\" \/><\/p>\n<p><!--more--><\/p>\n<p>La medida fue posible a partir de las gestiones realizadas por la comisionada municipal Valle P\u00e9rez, quien destac\u00f3 la importancia de generar herramientas concretas que promuevan la inclusi\u00f3n y la igualdad de oportunidades en la comunidad.<\/p>\n<p>\u201cEste programa representa un paso muy importante para seguir construyendo una comunidad m\u00e1s inclusiva. Creemos firmemente que todas las personas deben tener la posibilidad de desarrollar sus capacidades, acceder a una formaci\u00f3n adecuada y contar con oportunidades reales de inserci\u00f3n laboral\u201d, expres\u00f3 la jefa comunal.<\/p>\n<p>El programa est\u00e1 dirigido a personas mayores de 18 a\u00f1os, que se encuentren desocupadas, posean Certificado \u00danico de Discapacidad (CUD) vigente y residan de manera permanente en el pa\u00eds. Adem\u00e1s, contempla el otorgamiento de una ayuda econ\u00f3mica para quienes participen de las distintas prestaciones previstas.<\/p>\n<p>A trav\u00e9s de \u201cPromover\u201d, los beneficiarios podr\u00e1n acceder a talleres de orientaci\u00f3n laboral, apoyo para la b\u00fasqueda de empleo, cursos de formaci\u00f3n profesional, acciones de entrenamiento para el trabajo, pr\u00e1cticas en espacios laborales, programas de inclusi\u00f3n laboral y asistencia para el desarrollo de emprendimientos independientes.<\/p>\n<p>En ese sentido, Valle P\u00e9rez se\u00f1al\u00f3 que la llegada de esta herramienta permitir\u00e1 ampliar las posibilidades de capacitaci\u00f3n y crecimiento personal de muchos vecinos de Colonia El Simbolar.<\/p>\n<p>\u201cQueremos que las personas con discapacidad encuentren en el Estado un acompa\u00f1amiento permanente para fortalecer sus habilidades, capacitarse y acceder a nuevas oportunidades. El trabajo es una herramienta fundamental para la autonom\u00eda, la integraci\u00f3n social y el desarrollo de cada persona\u201d, afirm\u00f3.<\/p>\n<p>La comisionada remarc\u00f3 adem\u00e1s que la iniciativa forma parte de una pol\u00edtica de gesti\u00f3n orientada a garantizar derechos y promover la participaci\u00f3n plena de todos los sectores de la comunidad.<\/p>\n<p>\u201cTrabajamos todos los d\u00edas para construir una sociedad donde nadie quede excluido y donde las diferencias no representen obst\u00e1culos para acceder a oportunidades. La inclusi\u00f3n debe traducirse en acciones concretas y este programa es una muestra de ello\u201d, sostuvo.<\/p>\n<p>Con la incorporaci\u00f3n de \u201cPromover\u201d, Colonia El Simbolar suma una nueva herramienta destinada a fortalecer la inclusi\u00f3n laboral y el acceso al empleo, reafirmando el compromiso de la gesti\u00f3n municipal con la igualdad de oportunidades y el desarrollo de una comunidad m\u00e1s integrada.<\/p>\n","protected":false},"excerpt":{"rendered":"<p>La Comisi\u00f3n Municipal de Colonia El Simbolar anunci\u00f3 la incorporaci\u00f3n del programa nacional \u201cPromover la Igualdad de Oportunidades de Empleo\u201d, una iniciativa destinada a personas con discapacidad que se encuentran&hellip; <\/p>\n","protected":false},"author":1,"featured_media":75069,"comment_status":"closed","ping_status":"closed","sticky":false,"template":"","format":"standard","meta":{"footnotes":""},"categories":[10],"tags":[],"class_list":["post-75068","post","type-post","status-publish","format-standard","has-post-thumbnail","hentry","category-interior"],"_links":{"self":[{"href":"http:\/\/elurbanoweb.com.ar\/diario\/wp-json\/wp\/v2\/posts\/75068","targetHints":{"allow":["GET"]}}],"collection":[{"href":"http:\/\/elurbanoweb.com.ar\/diario\/wp-json\/wp\/v2\/posts"}],"about":[{"href":"http:\/\/elurbanoweb.com.ar\/diario\/wp-json\/wp\/v2\/types\/post"}],"author":[{"embeddable":true,"href":"http:\/\/elurbanoweb.com.ar\/diario\/wp-json\/wp\/v2\/users\/1"}],"replies":[{"embeddable":true,"href":"http:\/\/elurbanoweb.com.ar\/diario\/wp-json\/wp\/v2\/comments?post=75068"}],"version-history":[{"count":1,"href":"http:\/\/elurbanoweb.com.ar\/diario\/wp-json\/wp\/v2\/posts\/75068\/revisions"}],"predecessor-version":[{"id":75070,"href":"http:\/\/elurbanoweb.com.ar\/diario\/wp-json\/wp\/v2\/posts\/75068\/revisions\/75070"}],"wp:featuredmedia":[{"embeddable":true,"href":"http:\/\/elurbanoweb.com.ar\/diario\/wp-json\/wp\/v2\/media\/75069"}],"wp:attachment":[{"href":"http:\/\/elurbanoweb.com.ar\/diario\/wp-json\/wp\/v2\/media?parent=75068"}],"wp:term":[{"taxonomy":"category","embeddable":true,"href":"http:\/\/elurbanoweb.com.ar\/diario\/wp-json\/wp\/v2\/categories?post=75068"},{"taxonomy":"post_tag","embeddable":true,"href":"http:\/\/elurbanoweb.com.ar\/diario\/wp-json\/wp\/v2\/tags?post=75068"}],"curies":[{"name":"wp","href":"https:\/\/api.w.org\/{rel}","templated":true}]}}