{"id":75071,"date":"2026-09-01T13:56:02","date_gmt":"2026-09-01T16:56:02","guid":{"rendered":"https:\/\/elurbanoweb.com.ar\/diario\/?p=75071"},"modified":"2026-09-01T13:56:02","modified_gmt":"2026-09-01T16:56:02","slug":"se-concreto-la-firma-del-convenio-marco-de-cooperacion-entre-la-unse-y-el-cluster-turistico-productivo-y-tecnologico-de-santiago-del-estero","status":"publish","type":"post","link":"http:\/\/elurbanoweb.com.ar\/diario\/se-concreto-la-firma-del-convenio-marco-de-cooperacion-entre-la-unse-y-el-cluster-turistico-productivo-y-tecnologico-de-santiago-del-estero\/","title":{"rendered":"Se concret\u00f3 la firma del Convenio Marco de Cooperaci\u00f3n entre la UNSE y el Cl\u00faster Tur\u00edstico, Productivo y Tecnol\u00f3gico de Santiago del Estero"},"content":{"rendered":"<p>Dando un paso importante para fortalecer la vinculaci\u00f3n entre el conocimiento, el talento y el sector productivo de nuestra provincia.<\/p>\n<p><img loading=\"lazy\" decoding=\"async\" class=\"alignnone wp-image-75072 size-large\" src=\"http:\/\/elurbanoweb.com.ar\/diario\/wp-content\/uploads\/2026\/09\/firma6-1024x810.jpg\" alt=\"\" width=\"1024\" height=\"810\" srcset=\"http:\/\/elurbanoweb.com.ar\/diario\/wp-content\/uploads\/2026\/09\/firma6-1024x810.jpg 1024w, http:\/\/elurbanoweb.com.ar\/diario\/wp-content\/uploads\/2026\/09\/firma6-300x237.jpg 300w, http:\/\/elurbanoweb.com.ar\/diario\/wp-content\/uploads\/2026\/09\/firma6-150x119.jpg 150w, http:\/\/elurbanoweb.com.ar\/diario\/wp-content\/uploads\/2026\/09\/firma6-1536x1215.jpg 1536w, http:\/\/elurbanoweb.com.ar\/diario\/wp-content\/uploads\/2026\/09\/firma6.jpg 2048w\" sizes=\"auto, (max-width: 1024px) 100vw, 1024px\" \/><\/p>\n<p><!--more--><\/p>\n<p>Rubricaron\u00a0el acuerdo el rector de la UNSE, Lic. Hugo Marcelino Ledesma y el presidente del Cl\u00faster, Sr. Lucas Matteo, acompa\u00f1ados de la vicerrectora de la UNSE, Dra. Fernanda Mellano; la secretaria de Vinculaci\u00f3n y Transferencia, Ing. Marcela Rafael; ; el vicepresidente, Sr. Exequiel Gramajo; la tesorera Lic. Cecilia Ordo\u00f1ez; y el socio Sr. Diego Mart\u00ednez, de MDA Electromec\u00e1nica.<\/p>\n<p>Durante la reuni\u00f3n se dialog\u00f3 sobre un desaf\u00edo que consideraron central: acercar cada vez m\u00e1s la Universidad a las empresas y viceversa. Esto implica generar mayores oportunidades para que estudiantes y graduados puedan vincularse con empresas a trav\u00e9s de pr\u00e1cticas, pasant\u00edas y experiencias de articulaci\u00f3n. Adem\u00e1s, abrir las puertas del sector privado a las capacidades de investigadores, profesionales y equipos cient\u00edfico-tecnol\u00f3gicos, conectando necesidades de las empresas con conocimiento desarrollado en Santiago del Estero para el mundo.<\/p>\n<p>El convenio abre tambi\u00e9n un amplio campo de trabajo conjunto en transferencia de conocimiento, formaci\u00f3n y desarrollo de talento, innovaci\u00f3n productiva y transformaci\u00f3n digital, emprendedurismo, nuevos negocios, desarrollo territorial e internacionalizaci\u00f3n. Tambi\u00e9n permitir\u00e1 avanzar en proyectos conjuntos, capacitaciones, espacios de networking, b\u00fasqueda de financiamiento y cooperaci\u00f3n con instituciones nacionales e internacionales.<\/p>\n","protected":false},"excerpt":{"rendered":"<p>Dando un paso importante para fortalecer la vinculaci\u00f3n entre el conocimiento, el talento y el sector productivo de nuestra provincia.<\/p>\n","protected":false},"author":1,"featured_media":75072,"comment_status":"closed","ping_status":"closed","sticky":false,"template":"","format":"standard","meta":{"footnotes":""},"categories":[15],"tags":[],"class_list":["post-75071","post","type-post","status-publish","format-standard","has-post-thumbnail","hentry","category-unse"],"_links":{"self":[{"href":"http:\/\/elurbanoweb.com.ar\/diario\/wp-json\/wp\/v2\/posts\/75071","targetHints":{"allow":["GET"]}}],"collection":[{"href":"http:\/\/elurbanoweb.com.ar\/diario\/wp-json\/wp\/v2\/posts"}],"about":[{"href":"http:\/\/elurbanoweb.com.ar\/diario\/wp-json\/wp\/v2\/types\/post"}],"author":[{"embeddable":true,"href":"http:\/\/elurbanoweb.com.ar\/diario\/wp-json\/wp\/v2\/users\/1"}],"replies":[{"embeddable":true,"href":"http:\/\/elurbanoweb.com.ar\/diario\/wp-json\/wp\/v2\/comments?post=75071"}],"version-history":[{"count":1,"href":"http:\/\/elurbanoweb.com.ar\/diario\/wp-json\/wp\/v2\/posts\/75071\/revisions"}],"predecessor-version":[{"id":75073,"href":"http:\/\/elurbanoweb.com.ar\/diario\/wp-json\/wp\/v2\/posts\/75071\/revisions\/75073"}],"wp:featuredmedia":[{"embeddable":true,"href":"http:\/\/elurbanoweb.com.ar\/diario\/wp-json\/wp\/v2\/media\/75072"}],"wp:attachment":[{"href":"http:\/\/elurbanoweb.com.ar\/diario\/wp-json\/wp\/v2\/media?parent=75071"}],"wp:term":[{"taxonomy":"category","embeddable":true,"href":"http:\/\/elurbanoweb.com.ar\/diario\/wp-json\/wp\/v2\/categories?post=75071"},{"taxonomy":"post_tag","embeddable":true,"href":"http:\/\/elurbanoweb.com.ar\/diario\/wp-json\/wp\/v2\/tags?post=75071"}],"curies":[{"name":"wp","href":"https:\/\/api.w.org\/{rel}","templated":true}]}}