{"id":75074,"date":"2026-09-02T09:41:32","date_gmt":"2026-09-02T12:41:32","guid":{"rendered":"https:\/\/elurbanoweb.com.ar\/diario\/?p=75074"},"modified":"2026-09-02T09:41:32","modified_gmt":"2026-09-02T12:41:32","slug":"el-municipio-inicio-la-semana-con-trabajos-de-mantenimiento-de-desagues-pluviales","status":"publish","type":"post","link":"http:\/\/elurbanoweb.com.ar\/diario\/el-municipio-inicio-la-semana-con-trabajos-de-mantenimiento-de-desagues-pluviales\/","title":{"rendered":"El municipio inici\u00f3 la semana con trabajos de mantenimiento de desag\u00fces pluviales"},"content":{"rendered":"<p>A trav\u00e9s de la gesti\u00f3n del intendente Ing. Roger E. Nediani, la Secretar\u00eda de Obras P\u00fablicas contin\u00faa realizando relevamiento de los sectores donde se encuentran ubicados los desag\u00fces pluviales en la ciudad de La Banda para garantizar su normal funcionamiento.<\/p>\n<p><img loading=\"lazy\" decoding=\"async\" class=\"alignnone wp-image-75075 size-full\" src=\"http:\/\/elurbanoweb.com.ar\/diario\/wp-content\/uploads\/2026\/09\/mantener.jpg\" alt=\"\" width=\"1010\" height=\"567\" srcset=\"http:\/\/elurbanoweb.com.ar\/diario\/wp-content\/uploads\/2026\/09\/mantener.jpg 1010w, http:\/\/elurbanoweb.com.ar\/diario\/wp-content\/uploads\/2026\/09\/mantener-300x168.jpg 300w, http:\/\/elurbanoweb.com.ar\/diario\/wp-content\/uploads\/2026\/09\/mantener-150x84.jpg 150w\" sizes=\"auto, (max-width: 1010px) 100vw, 1010px\" \/><\/p>\n<p><!--more--><\/p>\n<p>En este comienzo de semana las tareas se realizaron en el desag\u00fce ubicado en calle San Carlos y Av. del Libertador, barrio 25 de Mayo Ampliaci\u00f3n 540 viviendas y mantenimiento de la boca de tormenta ubicada en calles Magallanes y Constituci\u00f3n.<\/p>\n<p>Desde hace varias semanas atr\u00e1s se revelaron el estado en el que se encuentran los distintos desag\u00fces y bombas de desagote con el objetivo de avanzar con los operativos de limpieza y mantenimiento para mejorar el funcionamiento de los mismos.<\/p>\n<p>En este sentido, el trabajo conjunto entre las \u00e1reas de Servicios P\u00fablicos y Obras P\u00fablicas apunta a fortalecer las acciones de prevenci\u00f3n y mejorar el funcionamiento de la infraestructura pluvial frente a eventuales lluvias intensas.<\/p>\n<p>Desde el municipio destacaron la de importancia de realizar tareas planificaci\u00f3n y mantenimiento preventivo para anticiparse a posibles inconvenientes y reducir el impacto que puedan generar precipitaciones de gran intensidad.<\/p>\n","protected":false},"excerpt":{"rendered":"<p>A trav\u00e9s de la gesti\u00f3n del intendente Ing. Roger E. Nediani, la Secretar\u00eda de Obras P\u00fablicas contin\u00faa realizando relevamiento de los sectores donde se encuentran ubicados los desag\u00fces pluviales en&hellip; <\/p>\n","protected":false},"author":1,"featured_media":75075,"comment_status":"closed","ping_status":"closed","sticky":false,"template":"","format":"standard","meta":{"footnotes":""},"categories":[9],"tags":[],"class_list":["post-75074","post","type-post","status-publish","format-standard","has-post-thumbnail","hentry","category-la-banda"],"_links":{"self":[{"href":"http:\/\/elurbanoweb.com.ar\/diario\/wp-json\/wp\/v2\/posts\/75074","targetHints":{"allow":["GET"]}}],"collection":[{"href":"http:\/\/elurbanoweb.com.ar\/diario\/wp-json\/wp\/v2\/posts"}],"about":[{"href":"http:\/\/elurbanoweb.com.ar\/diario\/wp-json\/wp\/v2\/types\/post"}],"author":[{"embeddable":true,"href":"http:\/\/elurbanoweb.com.ar\/diario\/wp-json\/wp\/v2\/users\/1"}],"replies":[{"embeddable":true,"href":"http:\/\/elurbanoweb.com.ar\/diario\/wp-json\/wp\/v2\/comments?post=75074"}],"version-history":[{"count":1,"href":"http:\/\/elurbanoweb.com.ar\/diario\/wp-json\/wp\/v2\/posts\/75074\/revisions"}],"predecessor-version":[{"id":75076,"href":"http:\/\/elurbanoweb.com.ar\/diario\/wp-json\/wp\/v2\/posts\/75074\/revisions\/75076"}],"wp:featuredmedia":[{"embeddable":true,"href":"http:\/\/elurbanoweb.com.ar\/diario\/wp-json\/wp\/v2\/media\/75075"}],"wp:attachment":[{"href":"http:\/\/elurbanoweb.com.ar\/diario\/wp-json\/wp\/v2\/media?parent=75074"}],"wp:term":[{"taxonomy":"category","embeddable":true,"href":"http:\/\/elurbanoweb.com.ar\/diario\/wp-json\/wp\/v2\/categories?post=75074"},{"taxonomy":"post_tag","embeddable":true,"href":"http:\/\/elurbanoweb.com.ar\/diario\/wp-json\/wp\/v2\/tags?post=75074"}],"curies":[{"name":"wp","href":"https:\/\/api.w.org\/{rel}","templated":true}]}}