{"id":75077,"date":"2026-09-02T09:42:55","date_gmt":"2026-09-02T12:42:55","guid":{"rendered":"https:\/\/elurbanoweb.com.ar\/diario\/?p=75077"},"modified":"2026-09-02T09:42:55","modified_gmt":"2026-09-02T12:42:55","slug":"continuan-abiertas-las-inscripciones-para-el-curso-de-programacion-con-scratch-para-ninos","status":"publish","type":"post","link":"http:\/\/elurbanoweb.com.ar\/diario\/continuan-abiertas-las-inscripciones-para-el-curso-de-programacion-con-scratch-para-ninos\/","title":{"rendered":"Contin\u00faan abiertas las inscripciones para el curso de \u201cProgramaci\u00f3n con Scratch\u201d para ni\u00f1os"},"content":{"rendered":"<p>La Municipalidad de La Banda, a trav\u00e9s de la Casa del Bicentenario, informa que se encuentran abiertas las inscripciones para el Curso de Programaci\u00f3n con Scratch, una propuesta arancelada destinada a ni\u00f1os y ni\u00f1as de 8 a 13 a\u00f1os.<\/p>\n<p><img loading=\"lazy\" decoding=\"async\" class=\"alignnone wp-image-75078 size-full\" src=\"http:\/\/elurbanoweb.com.ar\/diario\/wp-content\/uploads\/2026\/09\/programacion4.jpg\" alt=\"\" width=\"1010\" height=\"567\" srcset=\"http:\/\/elurbanoweb.com.ar\/diario\/wp-content\/uploads\/2026\/09\/programacion4.jpg 1010w, http:\/\/elurbanoweb.com.ar\/diario\/wp-content\/uploads\/2026\/09\/programacion4-300x168.jpg 300w, http:\/\/elurbanoweb.com.ar\/diario\/wp-content\/uploads\/2026\/09\/programacion4-150x84.jpg 150w\" sizes=\"auto, (max-width: 1010px) 100vw, 1010px\" \/><\/p>\n<p><!--more--><\/p>\n<p>El curso tiene como objetivo introducir a los participantes en el mundo de la programaci\u00f3n de una manera did\u00e1ctica, creativa y divertida, mediante la creaci\u00f3n de juegos, animaciones e historias interactivas. Adem\u00e1s, promueve el desarrollo del pensamiento l\u00f3gico, la creatividad y la resoluci\u00f3n de problemas.<\/p>\n<p>La capacitaci\u00f3n se desarrollar\u00e1 con una modalidad de dos clases semanales, de una hora de duraci\u00f3n cada una, en grupos reducidos, organizados por nivel y con atenci\u00f3n personalizada para garantizar un mejor proceso de aprendizaje.<\/p>\n<p>Los cupos son limitados y la actividad es arancelada. Los interesados podr\u00e1n solicitar mayor informaci\u00f3n e inscribirse comunic\u00e1ndose al 3855823707 o acerc\u00e1ndose a la Casa del Bicentenario, ubicada en Besares y Garay.<\/p>\n","protected":false},"excerpt":{"rendered":"<p>La Municipalidad de La Banda, a trav\u00e9s de la Casa del Bicentenario, informa que se encuentran abiertas las inscripciones para el Curso de Programaci\u00f3n con Scratch, una propuesta arancelada destinada&hellip; <\/p>\n","protected":false},"author":1,"featured_media":75078,"comment_status":"closed","ping_status":"closed","sticky":false,"template":"","format":"standard","meta":{"footnotes":""},"categories":[9],"tags":[],"class_list":["post-75077","post","type-post","status-publish","format-standard","has-post-thumbnail","hentry","category-la-banda"],"_links":{"self":[{"href":"http:\/\/elurbanoweb.com.ar\/diario\/wp-json\/wp\/v2\/posts\/75077","targetHints":{"allow":["GET"]}}],"collection":[{"href":"http:\/\/elurbanoweb.com.ar\/diario\/wp-json\/wp\/v2\/posts"}],"about":[{"href":"http:\/\/elurbanoweb.com.ar\/diario\/wp-json\/wp\/v2\/types\/post"}],"author":[{"embeddable":true,"href":"http:\/\/elurbanoweb.com.ar\/diario\/wp-json\/wp\/v2\/users\/1"}],"replies":[{"embeddable":true,"href":"http:\/\/elurbanoweb.com.ar\/diario\/wp-json\/wp\/v2\/comments?post=75077"}],"version-history":[{"count":1,"href":"http:\/\/elurbanoweb.com.ar\/diario\/wp-json\/wp\/v2\/posts\/75077\/revisions"}],"predecessor-version":[{"id":75079,"href":"http:\/\/elurbanoweb.com.ar\/diario\/wp-json\/wp\/v2\/posts\/75077\/revisions\/75079"}],"wp:featuredmedia":[{"embeddable":true,"href":"http:\/\/elurbanoweb.com.ar\/diario\/wp-json\/wp\/v2\/media\/75078"}],"wp:attachment":[{"href":"http:\/\/elurbanoweb.com.ar\/diario\/wp-json\/wp\/v2\/media?parent=75077"}],"wp:term":[{"taxonomy":"category","embeddable":true,"href":"http:\/\/elurbanoweb.com.ar\/diario\/wp-json\/wp\/v2\/categories?post=75077"},{"taxonomy":"post_tag","embeddable":true,"href":"http:\/\/elurbanoweb.com.ar\/diario\/wp-json\/wp\/v2\/tags?post=75077"}],"curies":[{"name":"wp","href":"https:\/\/api.w.org\/{rel}","templated":true}]}}