{"id":75083,"date":"2026-09-02T09:45:41","date_gmt":"2026-09-02T12:45:41","guid":{"rendered":"https:\/\/elurbanoweb.com.ar\/diario\/?p=75083"},"modified":"2026-09-02T09:45:41","modified_gmt":"2026-09-02T12:45:41","slug":"hospital-zonal-de-monte-quemado-consolida-la-atencion-quirurgica-en-el-norte-de-la-provincia","status":"publish","type":"post","link":"http:\/\/elurbanoweb.com.ar\/diario\/hospital-zonal-de-monte-quemado-consolida-la-atencion-quirurgica-en-el-norte-de-la-provincia\/","title":{"rendered":"Hospital Zonal de Monte Quemado consolida la atenci\u00f3n quir\u00fargica en el norte de la provincia"},"content":{"rendered":"<p>Durante dos intensas jornadas programadas se realizaron ocho intervenciones quir\u00fargicas: siete colecistectom\u00edas por videolaparoscop\u00eda \u2014extirpaci\u00f3n de ves\u00edcula biliar\u2014 y una apendicectom\u00eda de urgencia. Los pacientes intervenidos residen en Monte Quemado, Sachayoj, Pampa de los Guanacos, Ifia y El Cabur\u00e9, localidades pertenecientes a los departamentos Copo y Alberdi.<\/p>\n<p><img loading=\"lazy\" decoding=\"async\" class=\"alignnone wp-image-75084 size-full\" src=\"http:\/\/elurbanoweb.com.ar\/diario\/wp-content\/uploads\/2026\/09\/consolida.jpg\" alt=\"\" width=\"1010\" height=\"567\" srcset=\"http:\/\/elurbanoweb.com.ar\/diario\/wp-content\/uploads\/2026\/09\/consolida.jpg 1010w, http:\/\/elurbanoweb.com.ar\/diario\/wp-content\/uploads\/2026\/09\/consolida-300x168.jpg 300w, http:\/\/elurbanoweb.com.ar\/diario\/wp-content\/uploads\/2026\/09\/consolida-150x84.jpg 150w\" sizes=\"auto, (max-width: 1010px) 100vw, 1010px\" \/><\/p>\n<p><!--more--><\/p>\n<p>Las cirug\u00edas estuvieron a cargo de un equipo integrado por el m\u00e9dico cirujano Dr. Hugo Egea y el m\u00e9dico anestesi\u00f3logo Dr. Sergio Santill\u00e1n. La coordinaci\u00f3n de quir\u00f3fano estuvo a cargo del Lic. Hugo Risso Patr\u00f3n, acompa\u00f1ado por los instrumentadores quir\u00fargicos Elizabeth Gonz\u00e1lez, Claudio Jim\u00e9nez y Luis Paz; el t\u00e9cnico radi\u00f3logo Nahuel Herrera; Sergio Santill\u00e1n, del \u00e1rea de Enfermer\u00eda; el Sr. Silvio Carlety, del personal de limpieza, y log\u00edstica Sr. Gustavo Mart\u00edn.<\/p>\n<p>La realizaci\u00f3n de estas cirug\u00edas en el propio hospital de referencia representa un beneficio fundamental para los pacientes y sus familias, ya que evita extensos traslados hacia la ciudad capital u otros centros de mayor complejidad. Esto reduce los gastos de transporte, alojamiento y alimentaci\u00f3n, disminuye el tiempo de espera y facilita que los pacientes puedan recibir el acompa\u00f1amiento de sus familiares durante la internaci\u00f3n y la recuperaci\u00f3n.<\/p>\n<p>Adem\u00e1s, resolver las patolog\u00edas quir\u00fargicas dentro de la zona de influencia del hospital favorece el diagn\u00f3stico y el tratamiento oportunos, previene posibles complicaciones derivadas de la demora y permite un seguimiento posoperatorio m\u00e1s cercano y continuo. Al mismo tiempo, fortalece la capacidad resolutiva de los hospitales del interior, optimiza la utilizaci\u00f3n de sus quir\u00f3fanos y recursos humanos y garantiza un acceso m\u00e1s equitativo a procedimientos seguros y de calidad, independientemente del lugar de residencia de cada paciente.<\/p>\n<p>De esta manera, el programa contribuye a descentralizar la atenci\u00f3n sanitaria, acercando servicios especializados a las comunidades del interior y consolidando una red provincial de salud m\u00e1s accesible, eficiente e integrada.<\/p>\n","protected":false},"excerpt":{"rendered":"<p>Durante dos intensas jornadas programadas se realizaron ocho intervenciones quir\u00fargicas: siete colecistectom\u00edas por videolaparoscop\u00eda \u2014extirpaci\u00f3n de ves\u00edcula biliar\u2014 y una apendicectom\u00eda de urgencia. Los pacientes intervenidos residen en Monte Quemado,&hellip; <\/p>\n","protected":false},"author":1,"featured_media":75084,"comment_status":"closed","ping_status":"closed","sticky":false,"template":"","format":"standard","meta":{"footnotes":""},"categories":[10],"tags":[],"class_list":["post-75083","post","type-post","status-publish","format-standard","has-post-thumbnail","hentry","category-interior"],"_links":{"self":[{"href":"http:\/\/elurbanoweb.com.ar\/diario\/wp-json\/wp\/v2\/posts\/75083","targetHints":{"allow":["GET"]}}],"collection":[{"href":"http:\/\/elurbanoweb.com.ar\/diario\/wp-json\/wp\/v2\/posts"}],"about":[{"href":"http:\/\/elurbanoweb.com.ar\/diario\/wp-json\/wp\/v2\/types\/post"}],"author":[{"embeddable":true,"href":"http:\/\/elurbanoweb.com.ar\/diario\/wp-json\/wp\/v2\/users\/1"}],"replies":[{"embeddable":true,"href":"http:\/\/elurbanoweb.com.ar\/diario\/wp-json\/wp\/v2\/comments?post=75083"}],"version-history":[{"count":1,"href":"http:\/\/elurbanoweb.com.ar\/diario\/wp-json\/wp\/v2\/posts\/75083\/revisions"}],"predecessor-version":[{"id":75085,"href":"http:\/\/elurbanoweb.com.ar\/diario\/wp-json\/wp\/v2\/posts\/75083\/revisions\/75085"}],"wp:featuredmedia":[{"embeddable":true,"href":"http:\/\/elurbanoweb.com.ar\/diario\/wp-json\/wp\/v2\/media\/75084"}],"wp:attachment":[{"href":"http:\/\/elurbanoweb.com.ar\/diario\/wp-json\/wp\/v2\/media?parent=75083"}],"wp:term":[{"taxonomy":"category","embeddable":true,"href":"http:\/\/elurbanoweb.com.ar\/diario\/wp-json\/wp\/v2\/categories?post=75083"},{"taxonomy":"post_tag","embeddable":true,"href":"http:\/\/elurbanoweb.com.ar\/diario\/wp-json\/wp\/v2\/tags?post=75083"}],"curies":[{"name":"wp","href":"https:\/\/api.w.org\/{rel}","templated":true}]}}