{"id":75089,"date":"2026-09-02T09:49:25","date_gmt":"2026-09-02T12:49:25","guid":{"rendered":"https:\/\/elurbanoweb.com.ar\/diario\/?p=75089"},"modified":"2026-09-02T09:49:25","modified_gmt":"2026-09-02T12:49:25","slug":"la-legislatura-de-santiago-del-estero-homenajeo-a-eduardo-polaco-groh-riemersma-por-su-trabajo-en-defensa-de-los-animales","status":"publish","type":"post","link":"http:\/\/elurbanoweb.com.ar\/diario\/la-legislatura-de-santiago-del-estero-homenajeo-a-eduardo-polaco-groh-riemersma-por-su-trabajo-en-defensa-de-los-animales\/","title":{"rendered":"La Legislatura de Santiago del Estero homenaje\u00f3 a Eduardo \u201cPolaco\u201d Groh Riemersma por su trabajo en defensa de los animales"},"content":{"rendered":"<p>La C\u00e1mara de Diputados realiz\u00f3 un reconocimiento post mortem al referente del refugio El Montecito de los Canichones, quien durante casi dos d\u00e9cadas se dedic\u00f3 al rescate y cuidado de animales en situaci\u00f3n de abandono, enfermedad y discapacidad.<\/p>\n<p><img loading=\"lazy\" decoding=\"async\" class=\"alignnone wp-image-75090 size-full\" src=\"http:\/\/elurbanoweb.com.ar\/diario\/wp-content\/uploads\/2026\/09\/legislatura30.jpg\" alt=\"\" width=\"1010\" height=\"567\" srcset=\"http:\/\/elurbanoweb.com.ar\/diario\/wp-content\/uploads\/2026\/09\/legislatura30.jpg 1010w, http:\/\/elurbanoweb.com.ar\/diario\/wp-content\/uploads\/2026\/09\/legislatura30-300x168.jpg 300w, http:\/\/elurbanoweb.com.ar\/diario\/wp-content\/uploads\/2026\/09\/legislatura30-150x84.jpg 150w\" sizes=\"auto, (max-width: 1010px) 100vw, 1010px\" \/><\/p>\n<p><!--more--><\/p>\n<p>La C\u00e1mara de Diputados de Santiago del Estero realiz\u00f3 este martes un emotivo homenaje y reconocimiento post mortem a Eduardo Groh Riemersma, conocido como \u201cEl Polaco\u201d, durante la sesi\u00f3n ordinaria que fue encabezada por el vicegobernador y titular natural del Poder Legislativo, Carlos Silva Neder.<\/p>\n<p>El reconocimiento destac\u00f3 la trayectoria de Groh Riemersma, quien durante casi dos d\u00e9cadas dedic\u00f3 su vida al rescate, rehabilitaci\u00f3n y cuidado de animales en situaci\u00f3n de abandono, enfermedad y discapacidad desde el reconocido refugio El Montecito de los Canichones.<\/p>\n<p>Durante el homenaje, los legisladores resaltaron que su trabajo no solo permiti\u00f3 brindar atenci\u00f3n y contenci\u00f3n a cientos de animales vulnerables, sino que tambi\u00e9n contribuy\u00f3 a transformar la mirada de la sociedad sobre el maltrato animal.<\/p>\n<p>Adem\u00e1s, destacaron su labor educativa, a trav\u00e9s de la cual llev\u00f3 su mensaje de concientizaci\u00f3n a escuelas y jardines de infantes, con el objetivo de transmitir a las nuevas generaciones la importancia del respeto y cuidado de los animales.<\/p>\n<p>Como parte del reconocimiento, los diputados realizaron un minuto de silencio en memoria de Eduardo Groh Riemersma y posteriormente lo homenajearon con un aplauso, en agradecimiento por la tarea que desarroll\u00f3 durante tantos a\u00f1os.<\/p>\n<p>Reconocimiento a la industria santiague\u00f1a<\/p>\n<p>Durante la misma sesi\u00f3n, los legisladores se refirieron al D\u00eda de la Industria, que se conmemora este 2 de septiembre, y destacaron el desempe\u00f1o del sector productivo de Santiago del Estero.<\/p>\n<p>En ese sentido, remarcaron que la provincia mantiene un importante dinamismo industrial en un contexto nacional complejo para el sector.<\/p>\n<p>Los diputados mencionaron adem\u00e1s un reciente estudio de la CEPAL, que destac\u00f3 el desempe\u00f1o y la transformaci\u00f3n del perfil productivo santiague\u00f1o y ubic\u00f3 a la provincia entre las jurisdicciones con mayor expansi\u00f3n econ\u00f3mica y dinamismo industrial de las \u00faltimas d\u00e9cadas.<\/p>\n<p>Seg\u00fan se\u00f1alaron, estos resultados adquieren mayor relevancia frente a la retracci\u00f3n del consumo y la ca\u00edda de la actividad productiva registrada en distintos puntos del pa\u00eds.<\/p>\n<p>Declararon de inter\u00e9s la Expo Rural Bandera<\/p>\n<p>En materia de desarrollo productivo, la Legislatura declar\u00f3 de Inter\u00e9s Provincial, Productivo, Agroindustrial y Comercial la 37\u00b0 edici\u00f3n de la Expo Rural Bandera, que se desarrollar\u00e1 los d\u00edas 4, 5 y 6 de septiembre en el Predio Ferial de la Sociedad Rural del Sudeste Santiague\u00f1o.<\/p>\n<p>Los legisladores destacaron que la exposici\u00f3n re\u00fane a distintos sectores de la cadena agroindustrial, productiva y comercial del sudeste provincial.<\/p>\n<p>El evento permitir\u00e1 mostrar la producci\u00f3n regional, los avances tecnol\u00f3gicos y distintos aspectos vinculados con el campo, los rindes, la exportaci\u00f3n y la comercializaci\u00f3n.<\/p>\n<p>Tambi\u00e9n hubo declaraciones por aniversarios y actividades<\/p>\n<p>Durante la sesi\u00f3n, la C\u00e1mara declar\u00f3 de inter\u00e9s el 94\u00b0 aniversario de Brea Pozo, departamento San Mart\u00edn, que se celebrar\u00e1 el 7 de septiembre.<\/p>\n<p>Tambi\u00e9n se reconoci\u00f3 el homenaje al excombatiente de Malvinas V\u00edctor Hugo Montoya, realizado el 29 de agosto en Guardia Escolta, y las primeras Jornadas de Comunicaci\u00f3n \u201cComunicaci\u00f3n TBB, La Puerta del Futuro\u201d, que se llevaron a cabo el 28 y 29 de agosto en Fr\u00edas.<\/p>\n<p>En el \u00e1mbito acad\u00e9mico y educativo, se declararon de inter\u00e9s el XL Congreso Argentino de FASGO 2026, que se desarrollar\u00e1 del 2 al 5 de septiembre en el FORUM; la conferencia magistral \u201cDel Unicameralismo al Bicameralismo en el Per\u00fa\u201d, prevista para el 8 de septiembre; y la jornada sobre \u201cLos derechos humanos en la Constituci\u00f3n brasile\u00f1a de 1988\u201d, que tendr\u00e1 lugar el 9 de septiembre.<\/p>\n<p>Tambi\u00e9n se incluyeron las actividades previstas por el D\u00eda del Maestro, que se conmemora el 11 de septiembre.<\/p>\n<p>Cultura y deportes<\/p>\n<p>En el \u00e1rea cultural, los diputados declararon de inter\u00e9s el 118\u00b0 aniversario de la Biblioteca Sarmiento de Fr\u00edas, el primer encuentro coral \u201cUn\u00edsono\u2013Muchas voces. Un mismo sentir\u201d, que se realizar\u00e1 el 13 de septiembre en el Teatro 25 de Mayo, y el 136\u00b0 aniversario de Beltr\u00e1n.<\/p>\n<p>En materia deportiva, recibieron la declaraci\u00f3n de inter\u00e9s provincial el 38\u00b0 aniversario del Club Atl\u00e9tico San Esteban, de Nueva Esperanza; la tercera edici\u00f3n de la marat\u00f3n \u201cBeltr\u00e1n Corre 2026\u201d, prevista para el 13 de septiembre; y el 1\u00b0 Campeonato Ciudad de Santiago del Estero de Taekwon-do ITF, que se realizar\u00e1 ese mismo d\u00eda en Parque Sur.<\/p>\n","protected":false},"excerpt":{"rendered":"<p>La C\u00e1mara de Diputados realiz\u00f3 un reconocimiento post mortem al referente del refugio El Montecito de los Canichones, quien durante casi dos d\u00e9cadas se dedic\u00f3 al rescate y cuidado de&hellip; <\/p>\n","protected":false},"author":1,"featured_media":75090,"comment_status":"closed","ping_status":"closed","sticky":false,"template":"","format":"standard","meta":{"footnotes":""},"categories":[16],"tags":[],"class_list":["post-75089","post","type-post","status-publish","format-standard","has-post-thumbnail","hentry","category-locales"],"_links":{"self":[{"href":"http:\/\/elurbanoweb.com.ar\/diario\/wp-json\/wp\/v2\/posts\/75089","targetHints":{"allow":["GET"]}}],"collection":[{"href":"http:\/\/elurbanoweb.com.ar\/diario\/wp-json\/wp\/v2\/posts"}],"about":[{"href":"http:\/\/elurbanoweb.com.ar\/diario\/wp-json\/wp\/v2\/types\/post"}],"author":[{"embeddable":true,"href":"http:\/\/elurbanoweb.com.ar\/diario\/wp-json\/wp\/v2\/users\/1"}],"replies":[{"embeddable":true,"href":"http:\/\/elurbanoweb.com.ar\/diario\/wp-json\/wp\/v2\/comments?post=75089"}],"version-history":[{"count":1,"href":"http:\/\/elurbanoweb.com.ar\/diario\/wp-json\/wp\/v2\/posts\/75089\/revisions"}],"predecessor-version":[{"id":75091,"href":"http:\/\/elurbanoweb.com.ar\/diario\/wp-json\/wp\/v2\/posts\/75089\/revisions\/75091"}],"wp:featuredmedia":[{"embeddable":true,"href":"http:\/\/elurbanoweb.com.ar\/diario\/wp-json\/wp\/v2\/media\/75090"}],"wp:attachment":[{"href":"http:\/\/elurbanoweb.com.ar\/diario\/wp-json\/wp\/v2\/media?parent=75089"}],"wp:term":[{"taxonomy":"category","embeddable":true,"href":"http:\/\/elurbanoweb.com.ar\/diario\/wp-json\/wp\/v2\/categories?post=75089"},{"taxonomy":"post_tag","embeddable":true,"href":"http:\/\/elurbanoweb.com.ar\/diario\/wp-json\/wp\/v2\/tags?post=75089"}],"curies":[{"name":"wp","href":"https:\/\/api.w.org\/{rel}","templated":true}]}}