{"id":75092,"date":"2026-09-02T09:53:58","date_gmt":"2026-09-02T12:53:58","guid":{"rendered":"https:\/\/elurbanoweb.com.ar\/diario\/?p=75092"},"modified":"2026-09-02T09:53:58","modified_gmt":"2026-09-02T12:53:58","slug":"paro-universitario-trabajadores-de-la-unse-se-suman-a-la-medida-nacional","status":"publish","type":"post","link":"http:\/\/elurbanoweb.com.ar\/diario\/paro-universitario-trabajadores-de-la-unse-se-suman-a-la-medida-nacional\/","title":{"rendered":"Paro universitario: trabajadores de la UNSE se suman a la medida nacional"},"content":{"rendered":"<p>La medida de fuerza ser\u00e1 de 24 horas, sin concurrencia a los lugares de trabajo este mi\u00e9rcoles, paro que tambi\u00e9n impactar\u00e1 en los estudiantes.<\/p>\n<p><img loading=\"lazy\" decoding=\"async\" class=\"alignnone wp-image-75093 size-full\" src=\"http:\/\/elurbanoweb.com.ar\/diario\/wp-content\/uploads\/2026\/09\/financiamiento.jpg\" alt=\"\" width=\"750\" height=\"421\" srcset=\"http:\/\/elurbanoweb.com.ar\/diario\/wp-content\/uploads\/2026\/09\/financiamiento.jpg 750w, http:\/\/elurbanoweb.com.ar\/diario\/wp-content\/uploads\/2026\/09\/financiamiento-300x168.jpg 300w, http:\/\/elurbanoweb.com.ar\/diario\/wp-content\/uploads\/2026\/09\/financiamiento-150x84.jpg 150w\" sizes=\"auto, (max-width: 750px) 100vw, 750px\" \/><\/p>\n<p><!--more--><\/p>\n<p>Trabajadores de la Universidad Nacional de Santiago del Estero (UNSE) se sumar\u00e1n este mi\u00e9rcoles 2 de septiembre al paro nacional universitario de 24 horas, en rechazo a la propuesta salarial del Gobierno nacional y en reclamo por la recomposici\u00f3n de los ingresos.<\/p>\n<p>La medida se resolvi\u00f3 en el marco de una nueva instancia de la paritaria nacional de la docencia universitaria y preuniversitaria, convocada por el Gobierno nacional en cumplimiento de lo establecido por la Ley de Financiamiento Universitario.<\/p>\n<p>P\u00e9rdida salarial<br \/>\nEl encuentro termin\u00f3 sin acuerdo luego de que el Gobierno ofreciera un incremento del 3% para septiembre, sin contemplar una recomposici\u00f3n de la p\u00e9rdida salarial acumulada por los trabajadores de las universidades.<\/p>\n<p>Desde las federaciones universitarias estiman que la deuda salarial del Estado con la docencia universitaria equivale a cuatro salarios completos correspondientes a julio de 2026, calculados sin actualizaci\u00f3n, lo que representa aproximadamente tres salarios actualizados.<\/p>\n<p>En la reuni\u00f3n, la CONADU Hist\u00f3rica reclam\u00f3 la recuperaci\u00f3n de lo perdido y una garant\u00eda salarial hacia adelante, con actualizaciones mensuales que, como m\u00ednimo, acompa\u00f1en la evoluci\u00f3n de la inflaci\u00f3n.<\/p>\n<p>\u201cSalimos de la paritaria salarial docente universitaria y preuniversitaria que fracas\u00f3. El Gobierno trajo una propuesta de 3% de recomposici\u00f3n para septiembre, muy lejos del 31,2% que se nos est\u00e1 adeudando a julio por la cautelar de la Justicia que establece el cumplimiento de la Ley de Financiamiento Universitario, m\u00e1s la inflaci\u00f3n que corresponde a agosto\u201d, se\u00f1al\u00f3 Francisca \u201cPaquita\u201d Staiti, secretaria general de CONADU Hist\u00f3rica, al finalizar la reuni\u00f3n.<\/p>\n<p>La situaci\u00f3n tambi\u00e9n alcanza a los nodocentes<br \/>\nEn paralelo, durante la reuni\u00f3n de la Comisi\u00f3n Paritaria de Nivel General Nodocente, el Gobierno nacional mantuvo una propuesta que, seg\u00fan el Frente Sindical Universitario, tampoco contempla la p\u00e9rdida salarial acumulada de los trabajadores.<\/p>\n<p>El planteo presentado por el subsecretario de Pol\u00edticas Universitarias, Alejandro \u00c1lvarez, consiste tambi\u00e9n en un 3% para septiembre, sin recomposici\u00f3n de lo perdido, actualizaci\u00f3n y blanqueo de la garant\u00eda salarial ni un reconocimiento de la inflaci\u00f3n acumulada en los \u00faltimos meses.<\/p>\n<p>Para las organizaciones universitarias, la propuesta implica desconocer tanto la Ley de Financiamiento Universitario como la medida cautelar judicial que establece la necesidad de recomponer los salarios de los trabajadores y las becas de los estudiantes.<\/p>\n<p>Impacto en la UNSE<\/p>\n<p>En Santiago del Estero, el conflicto tendr\u00e1 impacto directo en la actividad de la Universidad Nacional de Santiago del Estero (UNSE). Docentes y trabajadores nodocentes de la instituci\u00f3n adherir\u00e1n este mi\u00e9rcoles 2 de septiembre al paro nacional universitario de 24 horas, sin concurrencia a los lugares de trabajo.<\/p>\n<p>La jornada de protesta se inscribe en la continuidad del plan de lucha que llevan adelante las organizaciones universitarias en reclamo de una recomposici\u00f3n salarial acorde con la p\u00e9rdida acumulada y del cumplimiento efectivo de la Ley de Financiamiento Universitario.<\/p>\n<p>Adem\u00e1s, el Frente Sindical Universitario Nacional, junto con el Consejo Interuniversitario Nacional (CIN) y la Federaci\u00f3n Universitaria Argentina (FUA), se reunir\u00e1 los d\u00edas 3 y 4 de septiembre, durante el 96\u00b0 Plenario de Rectoras y Rectores.<\/p>\n","protected":false},"excerpt":{"rendered":"<p>La medida de fuerza ser\u00e1 de 24 horas, sin concurrencia a los lugares de trabajo este mi\u00e9rcoles, paro que tambi\u00e9n impactar\u00e1 en los estudiantes.<\/p>\n","protected":false},"author":1,"featured_media":75093,"comment_status":"closed","ping_status":"closed","sticky":false,"template":"","format":"standard","meta":{"footnotes":""},"categories":[15],"tags":[],"class_list":["post-75092","post","type-post","status-publish","format-standard","has-post-thumbnail","hentry","category-unse"],"_links":{"self":[{"href":"http:\/\/elurbanoweb.com.ar\/diario\/wp-json\/wp\/v2\/posts\/75092","targetHints":{"allow":["GET"]}}],"collection":[{"href":"http:\/\/elurbanoweb.com.ar\/diario\/wp-json\/wp\/v2\/posts"}],"about":[{"href":"http:\/\/elurbanoweb.com.ar\/diario\/wp-json\/wp\/v2\/types\/post"}],"author":[{"embeddable":true,"href":"http:\/\/elurbanoweb.com.ar\/diario\/wp-json\/wp\/v2\/users\/1"}],"replies":[{"embeddable":true,"href":"http:\/\/elurbanoweb.com.ar\/diario\/wp-json\/wp\/v2\/comments?post=75092"}],"version-history":[{"count":1,"href":"http:\/\/elurbanoweb.com.ar\/diario\/wp-json\/wp\/v2\/posts\/75092\/revisions"}],"predecessor-version":[{"id":75094,"href":"http:\/\/elurbanoweb.com.ar\/diario\/wp-json\/wp\/v2\/posts\/75092\/revisions\/75094"}],"wp:featuredmedia":[{"embeddable":true,"href":"http:\/\/elurbanoweb.com.ar\/diario\/wp-json\/wp\/v2\/media\/75093"}],"wp:attachment":[{"href":"http:\/\/elurbanoweb.com.ar\/diario\/wp-json\/wp\/v2\/media?parent=75092"}],"wp:term":[{"taxonomy":"category","embeddable":true,"href":"http:\/\/elurbanoweb.com.ar\/diario\/wp-json\/wp\/v2\/categories?post=75092"},{"taxonomy":"post_tag","embeddable":true,"href":"http:\/\/elurbanoweb.com.ar\/diario\/wp-json\/wp\/v2\/tags?post=75092"}],"curies":[{"name":"wp","href":"https:\/\/api.w.org\/{rel}","templated":true}]}}