{"id":75095,"date":"2026-09-02T09:55:55","date_gmt":"2026-09-02T12:55:55","guid":{"rendered":"https:\/\/elurbanoweb.com.ar\/diario\/?p=75095"},"modified":"2026-09-02T09:55:55","modified_gmt":"2026-09-02T12:55:55","slug":"estudiantes-del-instituto-san-martin-de-porres-realizaron-practicas-en-los-centros-de-salud-de-la-municipalidad","status":"publish","type":"post","link":"http:\/\/elurbanoweb.com.ar\/diario\/estudiantes-del-instituto-san-martin-de-porres-realizaron-practicas-en-los-centros-de-salud-de-la-municipalidad\/","title":{"rendered":"Estudiantes del Instituto San Mart\u00edn de Porres realizaron pr\u00e1cticas en los centros de salud de la Municipalidad"},"content":{"rendered":"<p>La Direcci\u00f3n de Salud de la Municipalidad realiz\u00f3 un balance positivo del desarrollo de las pr\u00e1cticas profesionalizantes de las y los estudiantes de 2\u00ba y 3\u00ba a\u00f1o de la carrera de Trabajo Social del Instituto San Mart\u00edn de Porres, llevadas a cabo durante el per\u00edodo comprendido entre mayo y septiembre de 2026, en el \u00e1rea de cobertura del CAPS Dr. Armando Archetti.<\/p>\n<p><img loading=\"lazy\" decoding=\"async\" class=\"alignnone wp-image-75096 size-full\" src=\"http:\/\/elurbanoweb.com.ar\/diario\/wp-content\/uploads\/2026\/09\/estuaidantes.jpg\" alt=\"\" width=\"1010\" height=\"567\" srcset=\"http:\/\/elurbanoweb.com.ar\/diario\/wp-content\/uploads\/2026\/09\/estuaidantes.jpg 1010w, http:\/\/elurbanoweb.com.ar\/diario\/wp-content\/uploads\/2026\/09\/estuaidantes-300x168.jpg 300w, http:\/\/elurbanoweb.com.ar\/diario\/wp-content\/uploads\/2026\/09\/estuaidantes-150x84.jpg 150w\" sizes=\"auto, (max-width: 1010px) 100vw, 1010px\" \/><\/p>\n<p><!--more--><\/p>\n<p>Esta experiencia tuvo como prop\u00f3sito fundamental integrar los conocimientos y las herramientas te\u00f3rico-metodol\u00f3gicas adquiridos durante la formaci\u00f3n acad\u00e9mica con las realidades sociales y comunitarias del territorio, fortaleciendo el rol del Trabajo Social en el \u00e1mbito de la Atenci\u00f3n Primaria de la Salud (APS).<\/p>\n<p>Durante el desarrollo de las pr\u00e1cticas, las y los estudiantes participaron activamente en diferentes l\u00edneas de intervenci\u00f3n. Entre ellas, se destac\u00f3 el abordaje territorial y familiar mediante visitas domiciliarias, relevamiento de informaci\u00f3n sociofamiliar, identificaci\u00f3n de necesidades prioritarias y seguimiento de situaciones de vulnerabilidad social.<\/p>\n<p>Asimismo, se promovieron espacios comunitarios de participaci\u00f3n y reflexi\u00f3n a trav\u00e9s de talleres dirigidos a vecinos y usuarios del centro de salud. Estas instancias permitieron generar espacios de di\u00e1logo e intercambio en torno a los derechos, la prevenci\u00f3n y promoci\u00f3n de la salud, as\u00ed como a la importancia de la participaci\u00f3n y la integraci\u00f3n comunitaria.<\/p>\n<p>Desde ambas instituciones se valor\u00f3 especialmente el compromiso demostrado por las y los estudiantes, as\u00ed como el acompa\u00f1amiento de los equipos profesionales e institucionales que hicieron posible esta experiencia.<\/p>\n","protected":false},"excerpt":{"rendered":"<p>La Direcci\u00f3n de Salud de la Municipalidad realiz\u00f3 un balance positivo del desarrollo de las pr\u00e1cticas profesionalizantes de las y los estudiantes de 2\u00ba y 3\u00ba a\u00f1o de la carrera&hellip; <\/p>\n","protected":false},"author":1,"featured_media":75096,"comment_status":"closed","ping_status":"closed","sticky":false,"template":"","format":"standard","meta":{"footnotes":""},"categories":[10],"tags":[],"class_list":["post-75095","post","type-post","status-publish","format-standard","has-post-thumbnail","hentry","category-interior"],"_links":{"self":[{"href":"http:\/\/elurbanoweb.com.ar\/diario\/wp-json\/wp\/v2\/posts\/75095","targetHints":{"allow":["GET"]}}],"collection":[{"href":"http:\/\/elurbanoweb.com.ar\/diario\/wp-json\/wp\/v2\/posts"}],"about":[{"href":"http:\/\/elurbanoweb.com.ar\/diario\/wp-json\/wp\/v2\/types\/post"}],"author":[{"embeddable":true,"href":"http:\/\/elurbanoweb.com.ar\/diario\/wp-json\/wp\/v2\/users\/1"}],"replies":[{"embeddable":true,"href":"http:\/\/elurbanoweb.com.ar\/diario\/wp-json\/wp\/v2\/comments?post=75095"}],"version-history":[{"count":1,"href":"http:\/\/elurbanoweb.com.ar\/diario\/wp-json\/wp\/v2\/posts\/75095\/revisions"}],"predecessor-version":[{"id":75097,"href":"http:\/\/elurbanoweb.com.ar\/diario\/wp-json\/wp\/v2\/posts\/75095\/revisions\/75097"}],"wp:featuredmedia":[{"embeddable":true,"href":"http:\/\/elurbanoweb.com.ar\/diario\/wp-json\/wp\/v2\/media\/75096"}],"wp:attachment":[{"href":"http:\/\/elurbanoweb.com.ar\/diario\/wp-json\/wp\/v2\/media?parent=75095"}],"wp:term":[{"taxonomy":"category","embeddable":true,"href":"http:\/\/elurbanoweb.com.ar\/diario\/wp-json\/wp\/v2\/categories?post=75095"},{"taxonomy":"post_tag","embeddable":true,"href":"http:\/\/elurbanoweb.com.ar\/diario\/wp-json\/wp\/v2\/tags?post=75095"}],"curies":[{"name":"wp","href":"https:\/\/api.w.org\/{rel}","templated":true}]}}