{"id":75101,"date":"2026-09-02T13:41:03","date_gmt":"2026-09-02T16:41:03","guid":{"rendered":"https:\/\/elurbanoweb.com.ar\/diario\/?p=75101"},"modified":"2026-09-02T13:41:03","modified_gmt":"2026-09-02T16:41:03","slug":"la-facultad-de-humanidades-abre-un-espacio-para-debatir-otras-formas-de-hacer-economia","status":"publish","type":"post","link":"http:\/\/elurbanoweb.com.ar\/diario\/la-facultad-de-humanidades-abre-un-espacio-para-debatir-otras-formas-de-hacer-economia\/","title":{"rendered":"La Facultad de Humanidades abre un espacio para debatir otras formas de hacer econom\u00eda"},"content":{"rendered":"<p>La Facultad de Humanidades, Ciencias Sociales y de la Salud de la UNSE abri\u00f3 las inscripciones para el seminario optativo \u201cEconom\u00eda Social y Solidaria\u201d, una propuesta acad\u00e9mica que forma parte de la curr\u00edcula del Doctorado Regional en Ciencias Econ\u00f3micas. La actividad estar\u00e1 a cargo del Dr. Osvaldo Alejandro Peiretti, tendr\u00e1 una carga horaria de 40 horas y se desarrollar\u00e1 bajo modalidad h\u00edbrida, destinada a estudiantes de posgrado, docentes y egresados de Ciencias Econ\u00f3micas.<\/p>\n<p><img loading=\"lazy\" decoding=\"async\" class=\"alignnone wp-image-75102 size-full\" src=\"http:\/\/elurbanoweb.com.ar\/diario\/wp-content\/uploads\/2026\/09\/formas.jpg\" alt=\"\" width=\"1024\" height=\"537\" srcset=\"http:\/\/elurbanoweb.com.ar\/diario\/wp-content\/uploads\/2026\/09\/formas.jpg 1024w, http:\/\/elurbanoweb.com.ar\/diario\/wp-content\/uploads\/2026\/09\/formas-300x157.jpg 300w, http:\/\/elurbanoweb.com.ar\/diario\/wp-content\/uploads\/2026\/09\/formas-150x79.jpg 150w\" sizes=\"auto, (max-width: 1024px) 100vw, 1024px\" \/><\/p>\n<p><!--more--><\/p>\n<p>El seminario propone una aproximaci\u00f3n a las denominadas \u201cnuevas econom\u00edas\u201d que emergen en Am\u00e9rica Latina y en distintos lugares del mundo como respuesta a los desaf\u00edos sociales, econ\u00f3micos y ambientales contempor\u00e1neos. Seg\u00fan explic\u00f3 Peiretti, la propuesta busca ampliar las herramientas de an\u00e1lisis de los doctorandos m\u00e1s all\u00e1 de los enfoques tradicionales de la econom\u00eda, incorporando perspectivas vinculadas con la econom\u00eda social y solidaria, los mercados alternativos y las formas de organizaci\u00f3n econ\u00f3mica orientadas a la satisfacci\u00f3n de necesidades colectivas.<\/p>\n<p>\u201cEsta propuesta pretende incorporarle al doctorando la capacidad de an\u00e1lisis que exceda la econom\u00eda ortodoxa o dominante, incorporando otras miradas sobre la construcci\u00f3n econ\u00f3mica y social\u201d, se\u00f1al\u00f3 el docente. En ese sentido, destac\u00f3 que el seminario abordar\u00e1 experiencias hist\u00f3ricas y contempor\u00e1neas vinculadas con sistemas econ\u00f3micos alternativos, tanto en Am\u00e9rica Latina como en otras regiones del mundo, desde una perspectiva cr\u00edtica y reflexiva.<\/p>\n<p>Asimismo, Peiretti remarc\u00f3 la necesidad de pensar la econom\u00eda en relaci\u00f3n con los desaf\u00edos ambientales que enfrenta el planeta. \u201cLa econom\u00eda social y solidaria abre una puerta para compatibilizar las necesidades de las personas con formas de producci\u00f3n que tengan menor impacto sobre el ambiente, recuperando incluso saberes ancestrales que durante siglos permitieron satisfacer necesidades con un uso m\u00e1s equilibrado de los recursos\u201d, explic\u00f3.<\/p>\n<p>La propuesta tambi\u00e9n invita a debatir sobre el papel de las instituciones y las posibilidades de construir modelos econ\u00f3micos compatibles con la sostenibilidad ambiental. En este marco, el docente se\u00f1al\u00f3 que la reflexi\u00f3n sobre la econom\u00eda y la ecolog\u00eda pol\u00edtica adquiere una relevancia creciente frente a los l\u00edmites que enfrenta la capacidad regenerativa del planeta.<\/p>\n<p>El seminario iniciar\u00e1 los d\u00edas 17 y 18 de septiembre, continuar\u00e1 con un nuevo encuentro presencial en octubre y concluir\u00e1 mediante actividades y comunicaciones virtuales. Los interesados podr\u00e1n obtener m\u00e1s informaci\u00f3n e inscribirse a trav\u00e9s del correo electr\u00f3nico cursoposgradofhu@gmail.com. La actividad es arancelada y cuenta con cupos limitados.<\/p>\n","protected":false},"excerpt":{"rendered":"<p>La Facultad de Humanidades, Ciencias Sociales y de la Salud de la UNSE abri\u00f3 las inscripciones para el seminario optativo \u201cEconom\u00eda Social y Solidaria\u201d, una propuesta acad\u00e9mica que forma parte&hellip; <\/p>\n","protected":false},"author":1,"featured_media":75102,"comment_status":"closed","ping_status":"closed","sticky":false,"template":"","format":"standard","meta":{"footnotes":""},"categories":[15],"tags":[],"class_list":["post-75101","post","type-post","status-publish","format-standard","has-post-thumbnail","hentry","category-unse"],"_links":{"self":[{"href":"http:\/\/elurbanoweb.com.ar\/diario\/wp-json\/wp\/v2\/posts\/75101","targetHints":{"allow":["GET"]}}],"collection":[{"href":"http:\/\/elurbanoweb.com.ar\/diario\/wp-json\/wp\/v2\/posts"}],"about":[{"href":"http:\/\/elurbanoweb.com.ar\/diario\/wp-json\/wp\/v2\/types\/post"}],"author":[{"embeddable":true,"href":"http:\/\/elurbanoweb.com.ar\/diario\/wp-json\/wp\/v2\/users\/1"}],"replies":[{"embeddable":true,"href":"http:\/\/elurbanoweb.com.ar\/diario\/wp-json\/wp\/v2\/comments?post=75101"}],"version-history":[{"count":1,"href":"http:\/\/elurbanoweb.com.ar\/diario\/wp-json\/wp\/v2\/posts\/75101\/revisions"}],"predecessor-version":[{"id":75103,"href":"http:\/\/elurbanoweb.com.ar\/diario\/wp-json\/wp\/v2\/posts\/75101\/revisions\/75103"}],"wp:featuredmedia":[{"embeddable":true,"href":"http:\/\/elurbanoweb.com.ar\/diario\/wp-json\/wp\/v2\/media\/75102"}],"wp:attachment":[{"href":"http:\/\/elurbanoweb.com.ar\/diario\/wp-json\/wp\/v2\/media?parent=75101"}],"wp:term":[{"taxonomy":"category","embeddable":true,"href":"http:\/\/elurbanoweb.com.ar\/diario\/wp-json\/wp\/v2\/categories?post=75101"},{"taxonomy":"post_tag","embeddable":true,"href":"http:\/\/elurbanoweb.com.ar\/diario\/wp-json\/wp\/v2\/tags?post=75101"}],"curies":[{"name":"wp","href":"https:\/\/api.w.org\/{rel}","templated":true}]}}