{"id":75107,"date":"2026-09-02T13:44:43","date_gmt":"2026-09-02T16:44:43","guid":{"rendered":"https:\/\/elurbanoweb.com.ar\/diario\/?p=75107"},"modified":"2026-09-02T13:44:43","modified_gmt":"2026-09-02T16:44:43","slug":"elias-suarez-dejo-inaugurada-la-feria-de-ciencia-y-tecnologia-en-el-nodo-tecnologico","status":"publish","type":"post","link":"http:\/\/elurbanoweb.com.ar\/diario\/elias-suarez-dejo-inaugurada-la-feria-de-ciencia-y-tecnologia-en-el-nodo-tecnologico\/","title":{"rendered":"El\u00edas Su\u00e1rez dej\u00f3 inaugurada la Feria de Ciencia y Tecnolog\u00eda en el Nodo Tecnol\u00f3gico"},"content":{"rendered":"<p>La Feria de Ciencia y Tecnolog\u00eda de Santiago del Estero ya se desarrolla con una importante concurrencia. La apertura se realiz\u00f3 cerca de las 11, en un acto encabezado por el gobernador El\u00edas Su\u00e1rez, quien estuvo acompa\u00f1ado por autoridades provinciales, educativas, universitarias, cient\u00edficos, docentes y delegaciones escolares de distintos puntos de la regi\u00f3n.<\/p>\n<p><img loading=\"lazy\" decoding=\"async\" class=\"alignnone wp-image-75108 size-full\" src=\"http:\/\/elurbanoweb.com.ar\/diario\/wp-content\/uploads\/2026\/09\/feria15.jpg\" alt=\"\" width=\"1010\" height=\"567\" srcset=\"http:\/\/elurbanoweb.com.ar\/diario\/wp-content\/uploads\/2026\/09\/feria15.jpg 1010w, http:\/\/elurbanoweb.com.ar\/diario\/wp-content\/uploads\/2026\/09\/feria15-300x168.jpg 300w, http:\/\/elurbanoweb.com.ar\/diario\/wp-content\/uploads\/2026\/09\/feria15-150x84.jpg 150w\" sizes=\"auto, (max-width: 1010px) 100vw, 1010px\" \/><\/p>\n<p><!--more--><\/p>\n<p>Junto al mandatario participaron el vicegobernador Carlos Silva Neder; el jefe de Gabinete, V\u00edctor Araujo; la ministra de Educaci\u00f3n, Mariela Nassif; el secretario de Ciencia y Tecnolog\u00eda, Adri\u00e1n Su\u00e1rez; integrantes del gabinete provincial; y los intendentes electos de Capital y La Banda, Mario Benavente y Llamil Abdala, respectivamente.<\/p>\n<p>Como parte de la inauguraci\u00f3n se realiz\u00f3 el tradicional corte de cintas, ante una gran cantidad de personas que se acercaron para acompa\u00f1ar el inicio de esta nueva edici\u00f3n de la feria.<\/p>\n<p>En esta oportunidad se presentan 250 proyectos que fueron seleccionados durante las instancias zonales realizadas en distintos puntos de la provincia. Los trabajos corresponden a todos los niveles y modalidades del sistema educativo provincial y abordan diferentes \u00e1reas del conocimiento.<\/p>\n<p>Entre las tem\u00e1ticas se encuentran proyectos vinculados con Ciencias Sociales, Ciencias Naturales, Matem\u00e1tica, Historia, Arte, Tecnolog\u00eda y Cultura de Santiago del Estero, entre otras disciplinas. Las propuestas reflejan las investigaciones y problem\u00e1ticas trabajadas por estudiantes y docentes durante el ciclo lectivo.<\/p>\n<p>El evento se desarrolla bajo la modalidad STEAM y es organizado por el Programa Ferias de Ciencia y Tecnolog\u00eda, en articulaci\u00f3n con la Organizaci\u00f3n Nacional de Ferias de Ciencias y Tecnolog\u00eda. La iniciativa busca promover la democratizaci\u00f3n del conocimiento y la alfabetizaci\u00f3n cient\u00edfica, adem\u00e1s de fortalecer una cultura innovadora y ciudadana y estimular nuevas vocaciones cient\u00edficas.<\/p>\n<p>Para acompa\u00f1ar la evaluaci\u00f3n de los trabajos fueron convocados 130 docentes y especialistas, quienes se desempe\u00f1ar\u00e1n como evaluadores de los proyectos de indagaci\u00f3n escolar. Los profesionales recibieron capacitaci\u00f3n espec\u00edfica para desarrollar esta tarea durante la feria.<\/p>\n<p>La propuesta cuenta con entrada libre y gratuita y constituye un espacio de encuentro entre estudiantes, docentes, investigadores y la comunidad, con el objetivo de poner en valor las experiencias de investigaci\u00f3n y aprendizaje desarrolladas en las instituciones educativas de la provincia.<\/p>\n","protected":false},"excerpt":{"rendered":"<p>La Feria de Ciencia y Tecnolog\u00eda de Santiago del Estero ya se desarrolla con una importante concurrencia. La apertura se realiz\u00f3 cerca de las 11, en un acto encabezado por&hellip; <\/p>\n","protected":false},"author":1,"featured_media":75108,"comment_status":"closed","ping_status":"closed","sticky":false,"template":"","format":"standard","meta":{"footnotes":""},"categories":[2],"tags":[],"class_list":["post-75107","post","type-post","status-publish","format-standard","has-post-thumbnail","hentry","category-gobierno"],"_links":{"self":[{"href":"http:\/\/elurbanoweb.com.ar\/diario\/wp-json\/wp\/v2\/posts\/75107","targetHints":{"allow":["GET"]}}],"collection":[{"href":"http:\/\/elurbanoweb.com.ar\/diario\/wp-json\/wp\/v2\/posts"}],"about":[{"href":"http:\/\/elurbanoweb.com.ar\/diario\/wp-json\/wp\/v2\/types\/post"}],"author":[{"embeddable":true,"href":"http:\/\/elurbanoweb.com.ar\/diario\/wp-json\/wp\/v2\/users\/1"}],"replies":[{"embeddable":true,"href":"http:\/\/elurbanoweb.com.ar\/diario\/wp-json\/wp\/v2\/comments?post=75107"}],"version-history":[{"count":1,"href":"http:\/\/elurbanoweb.com.ar\/diario\/wp-json\/wp\/v2\/posts\/75107\/revisions"}],"predecessor-version":[{"id":75109,"href":"http:\/\/elurbanoweb.com.ar\/diario\/wp-json\/wp\/v2\/posts\/75107\/revisions\/75109"}],"wp:featuredmedia":[{"embeddable":true,"href":"http:\/\/elurbanoweb.com.ar\/diario\/wp-json\/wp\/v2\/media\/75108"}],"wp:attachment":[{"href":"http:\/\/elurbanoweb.com.ar\/diario\/wp-json\/wp\/v2\/media?parent=75107"}],"wp:term":[{"taxonomy":"category","embeddable":true,"href":"http:\/\/elurbanoweb.com.ar\/diario\/wp-json\/wp\/v2\/categories?post=75107"},{"taxonomy":"post_tag","embeddable":true,"href":"http:\/\/elurbanoweb.com.ar\/diario\/wp-json\/wp\/v2\/tags?post=75107"}],"curies":[{"name":"wp","href":"https:\/\/api.w.org\/{rel}","templated":true}]}}