{"id":75110,"date":"2026-09-03T08:55:35","date_gmt":"2026-09-03T11:55:35","guid":{"rendered":"https:\/\/elurbanoweb.com.ar\/diario\/?p=75110"},"modified":"2026-09-03T08:55:35","modified_gmt":"2026-09-03T11:55:35","slug":"nueva-york-prohibira-el-uso-de-inteligencia-artificial-en-las-escuelas-primarias-e-intermedias","status":"publish","type":"post","link":"http:\/\/elurbanoweb.com.ar\/diario\/nueva-york-prohibira-el-uso-de-inteligencia-artificial-en-las-escuelas-primarias-e-intermedias\/","title":{"rendered":"Nueva York prohibir\u00e1 el uso de inteligencia artificial en las escuelas primarias e intermedias"},"content":{"rendered":"<p>La nueva pol\u00edtica alcanzar\u00e1 a unos 600.000 estudiantes de las escuelas p\u00fablicas de la ciudad. Tambi\u00e9n limitar\u00e1 el uso de dispositivos digitales y prohibir\u00e1 los chatbots de compa\u00f1\u00eda en todos los niveles.<\/p>\n<p><img loading=\"lazy\" decoding=\"async\" class=\"alignnone wp-image-75111 size-full\" src=\"http:\/\/elurbanoweb.com.ar\/diario\/wp-content\/uploads\/2026\/09\/inteligente.jpg\" alt=\"\" width=\"1010\" height=\"567\" srcset=\"http:\/\/elurbanoweb.com.ar\/diario\/wp-content\/uploads\/2026\/09\/inteligente.jpg 1010w, http:\/\/elurbanoweb.com.ar\/diario\/wp-content\/uploads\/2026\/09\/inteligente-300x168.jpg 300w, http:\/\/elurbanoweb.com.ar\/diario\/wp-content\/uploads\/2026\/09\/inteligente-150x84.jpg 150w\" sizes=\"auto, (max-width: 1010px) 100vw, 1010px\" \/><\/p>\n<p><!--more--><\/p>\n<p>Las escuelas p\u00fablicas de Nueva York implementar\u00e1n nuevas restricciones sobre el uso de la inteligencia artificial y de los dispositivos digitales, especialmente en los niveles de primaria y educaci\u00f3n intermedia. Las nuevas reglas, que ser\u00e1n anunciadas formalmente por el Departamento de Educaci\u00f3n de la ciudad, buscan reducir la exposici\u00f3n de los alumnos m\u00e1s chicos a estas tecnolog\u00edas.<\/p>\n<p>Seg\u00fan las nuevas pautas, unos 600.000 estudiantes, cerca de dos tercios de la matr\u00edcula total del sistema p\u00fablico neoyorquino, no podr\u00e1n utilizar inteligencia artificial hasta ingresar a la secundaria. Incluso en ese nivel, su utilizaci\u00f3n quedar\u00e1 limitada a determinados casos.<\/p>\n","protected":false},"excerpt":{"rendered":"<p>La nueva pol\u00edtica alcanzar\u00e1 a unos 600.000 estudiantes de las escuelas p\u00fablicas de la ciudad. Tambi\u00e9n limitar\u00e1 el uso de dispositivos digitales y prohibir\u00e1 los chatbots de compa\u00f1\u00eda en todos&hellip; <\/p>\n","protected":false},"author":1,"featured_media":75111,"comment_status":"closed","ping_status":"closed","sticky":false,"template":"","format":"standard","meta":{"footnotes":""},"categories":[6],"tags":[],"class_list":["post-75110","post","type-post","status-publish","format-standard","has-post-thumbnail","hentry","category-mundo"],"_links":{"self":[{"href":"http:\/\/elurbanoweb.com.ar\/diario\/wp-json\/wp\/v2\/posts\/75110","targetHints":{"allow":["GET"]}}],"collection":[{"href":"http:\/\/elurbanoweb.com.ar\/diario\/wp-json\/wp\/v2\/posts"}],"about":[{"href":"http:\/\/elurbanoweb.com.ar\/diario\/wp-json\/wp\/v2\/types\/post"}],"author":[{"embeddable":true,"href":"http:\/\/elurbanoweb.com.ar\/diario\/wp-json\/wp\/v2\/users\/1"}],"replies":[{"embeddable":true,"href":"http:\/\/elurbanoweb.com.ar\/diario\/wp-json\/wp\/v2\/comments?post=75110"}],"version-history":[{"count":1,"href":"http:\/\/elurbanoweb.com.ar\/diario\/wp-json\/wp\/v2\/posts\/75110\/revisions"}],"predecessor-version":[{"id":75112,"href":"http:\/\/elurbanoweb.com.ar\/diario\/wp-json\/wp\/v2\/posts\/75110\/revisions\/75112"}],"wp:featuredmedia":[{"embeddable":true,"href":"http:\/\/elurbanoweb.com.ar\/diario\/wp-json\/wp\/v2\/media\/75111"}],"wp:attachment":[{"href":"http:\/\/elurbanoweb.com.ar\/diario\/wp-json\/wp\/v2\/media?parent=75110"}],"wp:term":[{"taxonomy":"category","embeddable":true,"href":"http:\/\/elurbanoweb.com.ar\/diario\/wp-json\/wp\/v2\/categories?post=75110"},{"taxonomy":"post_tag","embeddable":true,"href":"http:\/\/elurbanoweb.com.ar\/diario\/wp-json\/wp\/v2\/tags?post=75110"}],"curies":[{"name":"wp","href":"https:\/\/api.w.org\/{rel}","templated":true}]}}