{"id":75113,"date":"2026-09-03T08:59:45","date_gmt":"2026-09-03T11:59:45","guid":{"rendered":"https:\/\/elurbanoweb.com.ar\/diario\/?p=75113"},"modified":"2026-09-03T08:59:45","modified_gmt":"2026-09-03T11:59:45","slug":"continuan-en-marcha-los-trabajos-de-nivelacion-de-calles-en-los-barrios-25-de-mayo-y-el-rincon","status":"publish","type":"post","link":"http:\/\/elurbanoweb.com.ar\/diario\/continuan-en-marcha-los-trabajos-de-nivelacion-de-calles-en-los-barrios-25-de-mayo-y-el-rincon\/","title":{"rendered":"Contin\u00faan en marcha los trabajos de nivelaci\u00f3n de calles en los barrios 25 de Mayo y El Rinc\u00f3n"},"content":{"rendered":"<p>La Secretar\u00eda de Obras P\u00fablicas contin\u00faa desarrollando trabajos de mejoramiento vial en diferentes sectores de la ciudad, con el objetivo de optimizar las condiciones de circulaci\u00f3n y brindar respuestas a las necesidades de los vecinos.<\/p>\n<p><img loading=\"lazy\" decoding=\"async\" class=\"alignnone wp-image-75114 size-full\" src=\"http:\/\/elurbanoweb.com.ar\/diario\/wp-content\/uploads\/2026\/09\/calles8.jpg\" alt=\"\" width=\"750\" height=\"422\" srcset=\"http:\/\/elurbanoweb.com.ar\/diario\/wp-content\/uploads\/2026\/09\/calles8.jpg 750w, http:\/\/elurbanoweb.com.ar\/diario\/wp-content\/uploads\/2026\/09\/calles8-300x169.jpg 300w, http:\/\/elurbanoweb.com.ar\/diario\/wp-content\/uploads\/2026\/09\/calles8-150x84.jpg 150w\" sizes=\"auto, (max-width: 750px) 100vw, 750px\" \/><\/p>\n<p><!--more--><\/p>\n<p>En esta oportunidad, personal del \u00e1rea realiz\u00f3 tareas de nivelaci\u00f3n de calles en el barrio 25 de Mayo Viejo, mediante el despliegue de maquinaria destinada a mejorar el estado de las calles y favorecer la transitabilidad en el sector.<\/p>\n<p>De igual manera, los trabajos se extendieron al barrio El Rinc\u00f3n Viejo, donde se ejecutaron tareas de nivelaci\u00f3n y acondicionamiento de calles como parte de las acciones de mantenimiento que se desarrollan de manera progresiva en distintos puntos de la ciudad.<\/p>\n<p>Estas intervenciones forman parte de la planificaci\u00f3n que lleva adelante el \u00e1rea de Obras P\u00fablicas para mantener y mejorar la infraestructura vial, facilitando el desplazamiento de los vecinos y contribuyendo al ordenamiento de los diferentes sectores.<\/p>\n<p>Finalmente, se destac\u00f3 que estas acciones se desarrollan en el marco de las pol\u00edticas de mejoramiento urbano impulsadas por la gesti\u00f3n del intendente Ing. Roger El\u00edas Nediani, que contin\u00faa avanzando con obras y servicios destinados a mejorar la infraestructura y la calidad de vida de los vecinos de la ciudad de La Banda.<\/p>\n","protected":false},"excerpt":{"rendered":"<p>La Secretar\u00eda de Obras P\u00fablicas contin\u00faa desarrollando trabajos de mejoramiento vial en diferentes sectores de la ciudad, con el objetivo de optimizar las condiciones de circulaci\u00f3n y brindar respuestas a&hellip; <\/p>\n","protected":false},"author":1,"featured_media":75114,"comment_status":"closed","ping_status":"closed","sticky":false,"template":"","format":"standard","meta":{"footnotes":""},"categories":[9],"tags":[],"class_list":["post-75113","post","type-post","status-publish","format-standard","has-post-thumbnail","hentry","category-la-banda"],"_links":{"self":[{"href":"http:\/\/elurbanoweb.com.ar\/diario\/wp-json\/wp\/v2\/posts\/75113","targetHints":{"allow":["GET"]}}],"collection":[{"href":"http:\/\/elurbanoweb.com.ar\/diario\/wp-json\/wp\/v2\/posts"}],"about":[{"href":"http:\/\/elurbanoweb.com.ar\/diario\/wp-json\/wp\/v2\/types\/post"}],"author":[{"embeddable":true,"href":"http:\/\/elurbanoweb.com.ar\/diario\/wp-json\/wp\/v2\/users\/1"}],"replies":[{"embeddable":true,"href":"http:\/\/elurbanoweb.com.ar\/diario\/wp-json\/wp\/v2\/comments?post=75113"}],"version-history":[{"count":1,"href":"http:\/\/elurbanoweb.com.ar\/diario\/wp-json\/wp\/v2\/posts\/75113\/revisions"}],"predecessor-version":[{"id":75115,"href":"http:\/\/elurbanoweb.com.ar\/diario\/wp-json\/wp\/v2\/posts\/75113\/revisions\/75115"}],"wp:featuredmedia":[{"embeddable":true,"href":"http:\/\/elurbanoweb.com.ar\/diario\/wp-json\/wp\/v2\/media\/75114"}],"wp:attachment":[{"href":"http:\/\/elurbanoweb.com.ar\/diario\/wp-json\/wp\/v2\/media?parent=75113"}],"wp:term":[{"taxonomy":"category","embeddable":true,"href":"http:\/\/elurbanoweb.com.ar\/diario\/wp-json\/wp\/v2\/categories?post=75113"},{"taxonomy":"post_tag","embeddable":true,"href":"http:\/\/elurbanoweb.com.ar\/diario\/wp-json\/wp\/v2\/tags?post=75113"}],"curies":[{"name":"wp","href":"https:\/\/api.w.org\/{rel}","templated":true}]}}