{"id":75116,"date":"2026-09-03T09:02:36","date_gmt":"2026-09-03T12:02:36","guid":{"rendered":"https:\/\/elurbanoweb.com.ar\/diario\/?p=75116"},"modified":"2026-09-03T09:02:36","modified_gmt":"2026-09-03T12:02:36","slug":"la-banda-aborda-la-prevencion-del-suicidio-con-acciones-de-concientizacion-y-acompanamiento","status":"publish","type":"post","link":"http:\/\/elurbanoweb.com.ar\/diario\/la-banda-aborda-la-prevencion-del-suicidio-con-acciones-de-concientizacion-y-acompanamiento\/","title":{"rendered":"La Banda aborda la prevenci\u00f3n del suicidio con acciones de concientizaci\u00f3n y acompa\u00f1amiento"},"content":{"rendered":"<p>En el marco del \u201cMes Mundial para la Prevenci\u00f3n del Suicidio\u201d la Municipalidad de La Banda, a trav\u00e9s de la Direcci\u00f3n de Prevenci\u00f3n en Adicciones dependiente de la Secretar\u00eda de Coordinaci\u00f3n y Desarrollo Territorial, contin\u00faa realizando acciones de sensibilizaci\u00f3n, prevenci\u00f3n y acompa\u00f1amiento destinadas a la comunidad.<\/p>\n<p><img loading=\"lazy\" decoding=\"async\" class=\"alignnone wp-image-75117 size-full\" src=\"http:\/\/elurbanoweb.com.ar\/diario\/wp-content\/uploads\/2026\/09\/abordaje1.jpg\" alt=\"\" width=\"750\" height=\"422\" srcset=\"http:\/\/elurbanoweb.com.ar\/diario\/wp-content\/uploads\/2026\/09\/abordaje1.jpg 750w, http:\/\/elurbanoweb.com.ar\/diario\/wp-content\/uploads\/2026\/09\/abordaje1-300x169.jpg 300w, http:\/\/elurbanoweb.com.ar\/diario\/wp-content\/uploads\/2026\/09\/abordaje1-150x84.jpg 150w\" sizes=\"auto, (max-width: 750px) 100vw, 750px\" \/><\/p>\n<p><!--more--><\/p>\n<p>En este contexto, el trabajador social de la Direcci\u00f3n de Prevenci\u00f3n en Adicciones, Mat\u00edas Garnica, destac\u00f3 la importancia de abordar esta problem\u00e1tica desde una mirada integral, teniendo en cuenta que se trata de un fen\u00f3meno multidimensional en el que pueden intervenir distintos factores, entre ellos las emociones y los consumos problem\u00e1ticos.<\/p>\n<p>\u201cHay m\u00faltiples causas y una problem\u00e1tica lleva a otra. El suicidio tiene que ser atendido desde mil puntos de vista\u201d, explic\u00f3 Garnica, quien remarc\u00f3 adem\u00e1s que detr\u00e1s de cada situaci\u00f3n existe una historia que debe ser escuchada y comprendida.<br \/>\nDesde el \u00e1rea municipal a trav\u00e9s de la gesti\u00f3n del intendente Ing. Roger Nediani, se vienen realizando talleres y charlas de prevenci\u00f3n, trabajando especialmente sobre el reconocimiento y manejo de las emociones, la detecci\u00f3n temprana de situaciones de riesgo y la capacitaci\u00f3n de quienes forman parte de los distintos \u00e1mbitos comunitarios.<\/p>\n<p>Las acciones tambi\u00e9n contemplan el acompa\u00f1amiento a madres, padres y familiares, brind\u00e1ndoles herramientas para reconocer determinadas se\u00f1ales y saber c\u00f3mo actuar ante una posible crisis emocional. El objetivo es poder intervenir de manera temprana y brindar orientaci\u00f3n antes de que la situaci\u00f3n se agrave.<\/p>\n<p>En este sentido, Garnica resalt\u00f3 que la Direcci\u00f3n de Prevenci\u00f3n en Adicciones trabaja no solamente con personas que atraviesan consumos problem\u00e1ticos, sino tambi\u00e9n con otras situaciones vinculadas a la salud emocional y la prevenci\u00f3n.<\/p>\n","protected":false},"excerpt":{"rendered":"<p>En el marco del \u201cMes Mundial para la Prevenci\u00f3n del Suicidio\u201d la Municipalidad de La Banda, a trav\u00e9s de la Direcci\u00f3n de Prevenci\u00f3n en Adicciones dependiente de la Secretar\u00eda de&hellip; <\/p>\n","protected":false},"author":1,"featured_media":75117,"comment_status":"closed","ping_status":"closed","sticky":false,"template":"","format":"standard","meta":{"footnotes":""},"categories":[9],"tags":[],"class_list":["post-75116","post","type-post","status-publish","format-standard","has-post-thumbnail","hentry","category-la-banda"],"_links":{"self":[{"href":"http:\/\/elurbanoweb.com.ar\/diario\/wp-json\/wp\/v2\/posts\/75116","targetHints":{"allow":["GET"]}}],"collection":[{"href":"http:\/\/elurbanoweb.com.ar\/diario\/wp-json\/wp\/v2\/posts"}],"about":[{"href":"http:\/\/elurbanoweb.com.ar\/diario\/wp-json\/wp\/v2\/types\/post"}],"author":[{"embeddable":true,"href":"http:\/\/elurbanoweb.com.ar\/diario\/wp-json\/wp\/v2\/users\/1"}],"replies":[{"embeddable":true,"href":"http:\/\/elurbanoweb.com.ar\/diario\/wp-json\/wp\/v2\/comments?post=75116"}],"version-history":[{"count":1,"href":"http:\/\/elurbanoweb.com.ar\/diario\/wp-json\/wp\/v2\/posts\/75116\/revisions"}],"predecessor-version":[{"id":75118,"href":"http:\/\/elurbanoweb.com.ar\/diario\/wp-json\/wp\/v2\/posts\/75116\/revisions\/75118"}],"wp:featuredmedia":[{"embeddable":true,"href":"http:\/\/elurbanoweb.com.ar\/diario\/wp-json\/wp\/v2\/media\/75117"}],"wp:attachment":[{"href":"http:\/\/elurbanoweb.com.ar\/diario\/wp-json\/wp\/v2\/media?parent=75116"}],"wp:term":[{"taxonomy":"category","embeddable":true,"href":"http:\/\/elurbanoweb.com.ar\/diario\/wp-json\/wp\/v2\/categories?post=75116"},{"taxonomy":"post_tag","embeddable":true,"href":"http:\/\/elurbanoweb.com.ar\/diario\/wp-json\/wp\/v2\/tags?post=75116"}],"curies":[{"name":"wp","href":"https:\/\/api.w.org\/{rel}","templated":true}]}}