{"id":75119,"date":"2026-09-03T09:04:29","date_gmt":"2026-09-03T12:04:29","guid":{"rendered":"https:\/\/elurbanoweb.com.ar\/diario\/?p=75119"},"modified":"2026-09-03T09:04:29","modified_gmt":"2026-09-03T12:04:29","slug":"el-taller-costurarte-prepara-una-exposicion-de-trabajos-en-la-casa-del-bicentenario","status":"publish","type":"post","link":"http:\/\/elurbanoweb.com.ar\/diario\/el-taller-costurarte-prepara-una-exposicion-de-trabajos-en-la-casa-del-bicentenario\/","title":{"rendered":"El taller \u201cCosturArte\u201d prepara una exposici\u00f3n de trabajos en la Casa del Bicentenario"},"content":{"rendered":"<p>La Direcci\u00f3n de G\u00e9nero de la Municipalidad de La Banda anunci\u00f3 el cierre del taller \u201cCosturArte\u201d, una propuesta que se desarroll\u00f3 con \u00e9xito desde principios de a\u00f1o en las instalaciones de la Casa del Bicentenario y que brind\u00f3 a mujeres adultas un espacio de aprendizaje, contenci\u00f3n y desarrollo de nuevas habilidades.<\/p>\n<p><img loading=\"lazy\" decoding=\"async\" class=\"alignnone wp-image-75120 size-full\" src=\"http:\/\/elurbanoweb.com.ar\/diario\/wp-content\/uploads\/2026\/09\/costura3.jpg\" alt=\"\" width=\"714\" height=\"422\" srcset=\"http:\/\/elurbanoweb.com.ar\/diario\/wp-content\/uploads\/2026\/09\/costura3.jpg 714w, http:\/\/elurbanoweb.com.ar\/diario\/wp-content\/uploads\/2026\/09\/costura3-300x177.jpg 300w, http:\/\/elurbanoweb.com.ar\/diario\/wp-content\/uploads\/2026\/09\/costura3-150x89.jpg 150w\" sizes=\"auto, (max-width: 714px) 100vw, 714px\" \/><\/p>\n<p><!--more--><\/p>\n<p>Las encargadas de llevar adelante la iniciativa, Mariana Santill\u00e1n y Antonella Adamo, informaron que el cierre se realizar\u00e1 el pr\u00f3ximo viernes 25 a las 17, en la Casa del Bicentenario. Durante el encuentro, las participantes tendr\u00e1n la oportunidad de exhibir las producciones realizadas a lo largo de la capacitaci\u00f3n.<\/p>\n<p>La exposici\u00f3n incluir\u00e1 una amplia variedad de trabajos confeccionados por las asistentes, entre ellos pantalones, remeras, manteles intervenidos con pintura, ropa para mascotas, caminos de mesa, servilletas y repasadores, adem\u00e1s de otras producciones realizadas durante el taller.<\/p>\n<p>Seg\u00fan explicaron las responsables, \u201cCosturArte\u201d naci\u00f3 a partir de la necesidad de muchas mujeres adultas de contar con un espacio de contenci\u00f3n y encuentro, al mismo tiempo que pudieran incorporar conocimientos y herramientas que les permitieran proyectar una posible salida laboral.<br \/>\nLa propuesta tambi\u00e9n incorpor\u00f3 contenidos vinculados con la asesor\u00eda de imagen, abordando conceptos relacionados con la teor\u00eda del color, la construcci\u00f3n de una marca personal y la definici\u00f3n de un estilo propio.<\/p>\n<p>En este sentido, el objetivo fue que cada participante pudiera no solo desarrollar sus habilidades en costura, sino tambi\u00e9n identificar y expresar su propia identidad y estilo a trav\u00e9s de sus producciones.<\/p>\n","protected":false},"excerpt":{"rendered":"<p>La Direcci\u00f3n de G\u00e9nero de la Municipalidad de La Banda anunci\u00f3 el cierre del taller \u201cCosturArte\u201d, una propuesta que se desarroll\u00f3 con \u00e9xito desde principios de a\u00f1o en las instalaciones&hellip; <\/p>\n","protected":false},"author":1,"featured_media":75120,"comment_status":"closed","ping_status":"closed","sticky":false,"template":"","format":"standard","meta":{"footnotes":""},"categories":[9],"tags":[],"class_list":["post-75119","post","type-post","status-publish","format-standard","has-post-thumbnail","hentry","category-la-banda"],"_links":{"self":[{"href":"http:\/\/elurbanoweb.com.ar\/diario\/wp-json\/wp\/v2\/posts\/75119","targetHints":{"allow":["GET"]}}],"collection":[{"href":"http:\/\/elurbanoweb.com.ar\/diario\/wp-json\/wp\/v2\/posts"}],"about":[{"href":"http:\/\/elurbanoweb.com.ar\/diario\/wp-json\/wp\/v2\/types\/post"}],"author":[{"embeddable":true,"href":"http:\/\/elurbanoweb.com.ar\/diario\/wp-json\/wp\/v2\/users\/1"}],"replies":[{"embeddable":true,"href":"http:\/\/elurbanoweb.com.ar\/diario\/wp-json\/wp\/v2\/comments?post=75119"}],"version-history":[{"count":1,"href":"http:\/\/elurbanoweb.com.ar\/diario\/wp-json\/wp\/v2\/posts\/75119\/revisions"}],"predecessor-version":[{"id":75121,"href":"http:\/\/elurbanoweb.com.ar\/diario\/wp-json\/wp\/v2\/posts\/75119\/revisions\/75121"}],"wp:featuredmedia":[{"embeddable":true,"href":"http:\/\/elurbanoweb.com.ar\/diario\/wp-json\/wp\/v2\/media\/75120"}],"wp:attachment":[{"href":"http:\/\/elurbanoweb.com.ar\/diario\/wp-json\/wp\/v2\/media?parent=75119"}],"wp:term":[{"taxonomy":"category","embeddable":true,"href":"http:\/\/elurbanoweb.com.ar\/diario\/wp-json\/wp\/v2\/categories?post=75119"},{"taxonomy":"post_tag","embeddable":true,"href":"http:\/\/elurbanoweb.com.ar\/diario\/wp-json\/wp\/v2\/tags?post=75119"}],"curies":[{"name":"wp","href":"https:\/\/api.w.org\/{rel}","templated":true}]}}