{"id":75122,"date":"2026-09-03T09:06:05","date_gmt":"2026-09-03T12:06:05","guid":{"rendered":"https:\/\/elurbanoweb.com.ar\/diario\/?p=75122"},"modified":"2026-09-03T09:06:05","modified_gmt":"2026-09-03T12:06:05","slug":"alumnos-de-los-departamentos-rio-hondo-salavina-figueroa-y-robles-visitaron-casa-de-gobierno","status":"publish","type":"post","link":"http:\/\/elurbanoweb.com.ar\/diario\/alumnos-de-los-departamentos-rio-hondo-salavina-figueroa-y-robles-visitaron-casa-de-gobierno\/","title":{"rendered":"Alumnos de los departamentos R\u00edo Hondo, Salavina, Figueroa y Robles visitaron Casa de Gobierno"},"content":{"rendered":"<p>En representaci\u00f3n del gobernador El\u00edas Su\u00e1rez, el jefe de Gabinete de ministros, V\u00edctor Araujo, recibi\u00f3 en Casa de Gobierno la visita de un total de 250 alumnos de cuatro departamentos santiague\u00f1os.<\/p>\n<p><img loading=\"lazy\" decoding=\"async\" class=\"alignnone wp-image-75123 size-large\" src=\"http:\/\/elurbanoweb.com.ar\/diario\/wp-content\/uploads\/2026\/09\/figueroa1-1024x682.jpeg\" alt=\"\" width=\"1024\" height=\"682\" srcset=\"http:\/\/elurbanoweb.com.ar\/diario\/wp-content\/uploads\/2026\/09\/figueroa1-1024x682.jpeg 1024w, http:\/\/elurbanoweb.com.ar\/diario\/wp-content\/uploads\/2026\/09\/figueroa1-300x200.jpeg 300w, http:\/\/elurbanoweb.com.ar\/diario\/wp-content\/uploads\/2026\/09\/figueroa1-150x100.jpeg 150w, http:\/\/elurbanoweb.com.ar\/diario\/wp-content\/uploads\/2026\/09\/figueroa1-1536x1023.jpeg 1536w, http:\/\/elurbanoweb.com.ar\/diario\/wp-content\/uploads\/2026\/09\/figueroa1.jpeg 1600w\" sizes=\"auto, (max-width: 1024px) 100vw, 1024px\" \/><\/p>\n<p><!--more--><\/p>\n<p>Todos ellos asisten al Instituto San Isidro Labrador de Vinar\u00e1 (Dpto. Rio Hondo); del Colegio Secundario Arcadio Su\u00e1rez de La Ca\u00f1ada (Figueroa); del Secundario Colonia San Juan (Figueroa); del Agrot\u00e9cnico Madre Tierra de Fern\u00e1ndez (Robles); del Colegio Konrad Adenauer y de los agrupamientos N\u00b0 86.164 de Chilca Juliana y N\u00b0 86.166 de Varaz Cuchuna, estas tres \u00faltimas instituciones pertenecientes al departamento Salavina.<\/p>\n<p>El encuentro se desarroll\u00f3 en el Sal\u00f3n de Acuerdos en el marco del programa \u201cConociendo mi provincia\u201d, que permite que estudiantes del interior que cursan el \u00faltimo a\u00f1o del secundario puedan conocer lugares emblem\u00e1ticos de la ciudad Capital, Villa La Punta y Las Termas.<\/p>\n<p>\u201cEste programa \u2013dijo Araujo luego de darles la bienvenida- es una clara muestra de la importancia que el gobernador le asigna a nuestros j\u00f3venes. A pesar del complejo contexto econ\u00f3mico que atraviesa el pa\u00eds y de las m\u00faltiples prioridades que debe atender el Estado, se decidi\u00f3 darle continuidad porque entendemos el enorme valor que tiene para los estudiantes\u201d.<\/p>\n<p>Finalmente destac\u00f3 que \u201ces importante vivir experiencias que complementan el aprendizaje del aula, y de esta manera fortalece el conocimiento de nuestra historia, cultura e identidad\u201d.<\/p>\n","protected":false},"excerpt":{"rendered":"<p>En representaci\u00f3n del gobernador El\u00edas Su\u00e1rez, el jefe de Gabinete de ministros, V\u00edctor Araujo, recibi\u00f3 en Casa de Gobierno la visita de un total de 250 alumnos de cuatro departamentos&hellip; <\/p>\n","protected":false},"author":1,"featured_media":75123,"comment_status":"closed","ping_status":"closed","sticky":false,"template":"","format":"standard","meta":{"footnotes":""},"categories":[2],"tags":[],"class_list":["post-75122","post","type-post","status-publish","format-standard","has-post-thumbnail","hentry","category-gobierno"],"_links":{"self":[{"href":"http:\/\/elurbanoweb.com.ar\/diario\/wp-json\/wp\/v2\/posts\/75122","targetHints":{"allow":["GET"]}}],"collection":[{"href":"http:\/\/elurbanoweb.com.ar\/diario\/wp-json\/wp\/v2\/posts"}],"about":[{"href":"http:\/\/elurbanoweb.com.ar\/diario\/wp-json\/wp\/v2\/types\/post"}],"author":[{"embeddable":true,"href":"http:\/\/elurbanoweb.com.ar\/diario\/wp-json\/wp\/v2\/users\/1"}],"replies":[{"embeddable":true,"href":"http:\/\/elurbanoweb.com.ar\/diario\/wp-json\/wp\/v2\/comments?post=75122"}],"version-history":[{"count":1,"href":"http:\/\/elurbanoweb.com.ar\/diario\/wp-json\/wp\/v2\/posts\/75122\/revisions"}],"predecessor-version":[{"id":75124,"href":"http:\/\/elurbanoweb.com.ar\/diario\/wp-json\/wp\/v2\/posts\/75122\/revisions\/75124"}],"wp:featuredmedia":[{"embeddable":true,"href":"http:\/\/elurbanoweb.com.ar\/diario\/wp-json\/wp\/v2\/media\/75123"}],"wp:attachment":[{"href":"http:\/\/elurbanoweb.com.ar\/diario\/wp-json\/wp\/v2\/media?parent=75122"}],"wp:term":[{"taxonomy":"category","embeddable":true,"href":"http:\/\/elurbanoweb.com.ar\/diario\/wp-json\/wp\/v2\/categories?post=75122"},{"taxonomy":"post_tag","embeddable":true,"href":"http:\/\/elurbanoweb.com.ar\/diario\/wp-json\/wp\/v2\/tags?post=75122"}],"curies":[{"name":"wp","href":"https:\/\/api.w.org\/{rel}","templated":true}]}}