{"id":75125,"date":"2026-09-03T09:08:19","date_gmt":"2026-09-03T12:08:19","guid":{"rendered":"https:\/\/elurbanoweb.com.ar\/diario\/?p=75125"},"modified":"2026-09-03T09:08:19","modified_gmt":"2026-09-03T12:08:19","slug":"la-seleccion-argentina-volvera-a-jugar-en-el-pais-tras-el-mundial","status":"publish","type":"post","link":"http:\/\/elurbanoweb.com.ar\/diario\/la-seleccion-argentina-volvera-a-jugar-en-el-pais-tras-el-mundial\/","title":{"rendered":"La Selecci\u00f3n Argentina volver\u00e1 a jugar en el pa\u00eds tras el Mundial"},"content":{"rendered":"<p>La Selecci\u00f3n Argentina volver\u00e1 a presentarse en el pa\u00eds durante la pr\u00f3xima ventana internacional, que se extender\u00e1 entre el 21 de septiembre y el 6 de octubre. La AFA tiene previsto organizar dos o tres encuentros amistosos, aunque todav\u00eda restan definir los rivales y confirmar oficialmente las sedes.<\/p>\n<p><img loading=\"lazy\" decoding=\"async\" class=\"alignnone wp-image-75126 size-large\" src=\"http:\/\/elurbanoweb.com.ar\/diario\/wp-content\/uploads\/2026\/09\/argentina3-1024x726.png\" alt=\"\" width=\"1024\" height=\"726\" srcset=\"http:\/\/elurbanoweb.com.ar\/diario\/wp-content\/uploads\/2026\/09\/argentina3-1024x726.png 1024w, http:\/\/elurbanoweb.com.ar\/diario\/wp-content\/uploads\/2026\/09\/argentina3-300x213.png 300w, http:\/\/elurbanoweb.com.ar\/diario\/wp-content\/uploads\/2026\/09\/argentina3-150x106.png 150w, http:\/\/elurbanoweb.com.ar\/diario\/wp-content\/uploads\/2026\/09\/argentina3-1536x1090.png 1536w, http:\/\/elurbanoweb.com.ar\/diario\/wp-content\/uploads\/2026\/09\/argentina3.png 1748w\" sizes=\"auto, (max-width: 1024px) 100vw, 1024px\" \/><\/p>\n<p><!--more--><\/p>\n<p>Las opciones que aparecen con mayor fuerza son la Ciudad Aut\u00f3noma de Buenos Aires, C\u00f3rdoba y Rosario, con la intenci\u00f3n de que el equipo dirigido por Lionel Scaloni pueda jugar en diferentes puntos del pa\u00eds en sus primeros compromisos luego de la Copa del Mundo.<\/p>\n<p>Estos encuentros marcar\u00e1n adem\u00e1s el comienzo de una nueva etapa para la Albiceleste, ya que ser\u00e1n los primeros partidos tras el retiro de Lionel Messi de la Selecci\u00f3n Argentina. El combinado nacional volver\u00e1 a salir a la cancha sin su hist\u00f3rico capit\u00e1n y m\u00e1ximo referente.<\/p>\n<p>Por otra parte, tambi\u00e9n se aguarda una definici\u00f3n sobre las sanciones impuestas por la FIFA luego de los incidentes ocurridos en la final del Mundial. La incertidumbre pasa por conocer si las suspensiones para algunos futbolistas y las restricciones de aforo tambi\u00e9n tendr\u00e1n vigencia durante los partidos amistosos.<\/p>\n<p>En alg\u00fan momento se analiz\u00f3 la posibilidad de realizar una gira por China, aunque esa alternativa perdi\u00f3 fuerza. Ahora, todo apunta a que la Selecci\u00f3n Argentina tendr\u00e1 su esperado regreso ante su gente y en distintas provincias del pa\u00eds.<\/p>\n","protected":false},"excerpt":{"rendered":"<p>La Selecci\u00f3n Argentina volver\u00e1 a presentarse en el pa\u00eds durante la pr\u00f3xima ventana internacional, que se extender\u00e1 entre el 21 de septiembre y el 6 de octubre. La AFA tiene&hellip; <\/p>\n","protected":false},"author":1,"featured_media":75126,"comment_status":"closed","ping_status":"closed","sticky":false,"template":"","format":"standard","meta":{"footnotes":""},"categories":[4],"tags":[],"class_list":["post-75125","post","type-post","status-publish","format-standard","has-post-thumbnail","hentry","category-deportes"],"_links":{"self":[{"href":"http:\/\/elurbanoweb.com.ar\/diario\/wp-json\/wp\/v2\/posts\/75125","targetHints":{"allow":["GET"]}}],"collection":[{"href":"http:\/\/elurbanoweb.com.ar\/diario\/wp-json\/wp\/v2\/posts"}],"about":[{"href":"http:\/\/elurbanoweb.com.ar\/diario\/wp-json\/wp\/v2\/types\/post"}],"author":[{"embeddable":true,"href":"http:\/\/elurbanoweb.com.ar\/diario\/wp-json\/wp\/v2\/users\/1"}],"replies":[{"embeddable":true,"href":"http:\/\/elurbanoweb.com.ar\/diario\/wp-json\/wp\/v2\/comments?post=75125"}],"version-history":[{"count":1,"href":"http:\/\/elurbanoweb.com.ar\/diario\/wp-json\/wp\/v2\/posts\/75125\/revisions"}],"predecessor-version":[{"id":75127,"href":"http:\/\/elurbanoweb.com.ar\/diario\/wp-json\/wp\/v2\/posts\/75125\/revisions\/75127"}],"wp:featuredmedia":[{"embeddable":true,"href":"http:\/\/elurbanoweb.com.ar\/diario\/wp-json\/wp\/v2\/media\/75126"}],"wp:attachment":[{"href":"http:\/\/elurbanoweb.com.ar\/diario\/wp-json\/wp\/v2\/media?parent=75125"}],"wp:term":[{"taxonomy":"category","embeddable":true,"href":"http:\/\/elurbanoweb.com.ar\/diario\/wp-json\/wp\/v2\/categories?post=75125"},{"taxonomy":"post_tag","embeddable":true,"href":"http:\/\/elurbanoweb.com.ar\/diario\/wp-json\/wp\/v2\/tags?post=75125"}],"curies":[{"name":"wp","href":"https:\/\/api.w.org\/{rel}","templated":true}]}}