{"id":75134,"date":"2026-09-03T09:13:25","date_gmt":"2026-09-03T12:13:25","guid":{"rendered":"https:\/\/elurbanoweb.com.ar\/diario\/?p=75134"},"modified":"2026-09-03T09:13:25","modified_gmt":"2026-09-03T12:13:25","slug":"en-el-nodo-tecnologico-se-desarrollo-la-apertura-de-la-xxiii-feria-provincial-de-la-ciencia-y-la-tecnologia","status":"publish","type":"post","link":"http:\/\/elurbanoweb.com.ar\/diario\/en-el-nodo-tecnologico-se-desarrollo-la-apertura-de-la-xxiii-feria-provincial-de-la-ciencia-y-la-tecnologia\/","title":{"rendered":"En el Nodo Tecnol\u00f3gico se desarroll\u00f3 la apertura de la XXIII Feria Provincial de la Ciencia y la Tecnolog\u00eda"},"content":{"rendered":"<p>Un espacio que re\u00fane proyectos y experiencias vinculadas con la ciencia, la tecnolog\u00eda y la innovaci\u00f3n.<\/p>\n<p><img loading=\"lazy\" decoding=\"async\" class=\"alignnone wp-image-75135 size-large\" src=\"http:\/\/elurbanoweb.com.ar\/diario\/wp-content\/uploads\/2026\/09\/ciencia18-1024x646.jpg\" alt=\"\" width=\"1024\" height=\"646\" srcset=\"http:\/\/elurbanoweb.com.ar\/diario\/wp-content\/uploads\/2026\/09\/ciencia18-1024x646.jpg 1024w, http:\/\/elurbanoweb.com.ar\/diario\/wp-content\/uploads\/2026\/09\/ciencia18-300x189.jpg 300w, http:\/\/elurbanoweb.com.ar\/diario\/wp-content\/uploads\/2026\/09\/ciencia18-150x95.jpg 150w, http:\/\/elurbanoweb.com.ar\/diario\/wp-content\/uploads\/2026\/09\/ciencia18.jpg 1440w\" sizes=\"auto, (max-width: 1024px) 100vw, 1024px\" \/><\/p>\n<p><!--more-->Durante la jornada, el rector de la UNSE, Marcelino Ledesma, acompa\u00f1ado por el rector de la UCSE, Luis Lucena, autoridades provinciales y funcionarios del Gobierno de la Provincia, recorri\u00f3 los distintos stands y dialog\u00f3 con estudiantes que participan de la feria.<\/p>\n<p>El gobernador de la provincia, El\u00edas Su\u00e1rez encabez\u00f3 la jornada que pone en valor el talento, la creatividad y el compromiso de estudiantes e instituciones con la ciencia, la tecnolog\u00eda y la construcci\u00f3n de conocimiento.<\/p>\n<p>En su recorrido, el rector de la UNSE visit\u00f3 el stand del INBIONATEC, instituto de doble dependencia UNSE-CONICET, y tambi\u00e9n a los colegios que participan de la feria, donde dialog\u00f3 con estudiantes y conoci\u00f3 los proyectos que presentaron.<\/p>\n<p>Asimismo, junto al rector de la UCSE, visitaron los stands de sus respectivas universidades, acompa\u00f1ando a estudiantes y representantes de ambas instituciones.<\/p>\n","protected":false},"excerpt":{"rendered":"<p>Un espacio que re\u00fane proyectos y experiencias vinculadas con la ciencia, la tecnolog\u00eda y la innovaci\u00f3n.<\/p>\n","protected":false},"author":1,"featured_media":75135,"comment_status":"closed","ping_status":"closed","sticky":false,"template":"","format":"standard","meta":{"footnotes":""},"categories":[15],"tags":[],"class_list":["post-75134","post","type-post","status-publish","format-standard","has-post-thumbnail","hentry","category-unse"],"_links":{"self":[{"href":"http:\/\/elurbanoweb.com.ar\/diario\/wp-json\/wp\/v2\/posts\/75134","targetHints":{"allow":["GET"]}}],"collection":[{"href":"http:\/\/elurbanoweb.com.ar\/diario\/wp-json\/wp\/v2\/posts"}],"about":[{"href":"http:\/\/elurbanoweb.com.ar\/diario\/wp-json\/wp\/v2\/types\/post"}],"author":[{"embeddable":true,"href":"http:\/\/elurbanoweb.com.ar\/diario\/wp-json\/wp\/v2\/users\/1"}],"replies":[{"embeddable":true,"href":"http:\/\/elurbanoweb.com.ar\/diario\/wp-json\/wp\/v2\/comments?post=75134"}],"version-history":[{"count":1,"href":"http:\/\/elurbanoweb.com.ar\/diario\/wp-json\/wp\/v2\/posts\/75134\/revisions"}],"predecessor-version":[{"id":75136,"href":"http:\/\/elurbanoweb.com.ar\/diario\/wp-json\/wp\/v2\/posts\/75134\/revisions\/75136"}],"wp:featuredmedia":[{"embeddable":true,"href":"http:\/\/elurbanoweb.com.ar\/diario\/wp-json\/wp\/v2\/media\/75135"}],"wp:attachment":[{"href":"http:\/\/elurbanoweb.com.ar\/diario\/wp-json\/wp\/v2\/media?parent=75134"}],"wp:term":[{"taxonomy":"category","embeddable":true,"href":"http:\/\/elurbanoweb.com.ar\/diario\/wp-json\/wp\/v2\/categories?post=75134"},{"taxonomy":"post_tag","embeddable":true,"href":"http:\/\/elurbanoweb.com.ar\/diario\/wp-json\/wp\/v2\/tags?post=75134"}],"curies":[{"name":"wp","href":"https:\/\/api.w.org\/{rel}","templated":true}]}}