{"id":75137,"date":"2026-09-03T09:15:18","date_gmt":"2026-09-03T12:15:18","guid":{"rendered":"https:\/\/elurbanoweb.com.ar\/diario\/?p=75137"},"modified":"2026-09-03T09:15:18","modified_gmt":"2026-09-03T12:15:18","slug":"llega-a-santiago-el-1-encuentro-federal-de-fuegueros-del-pais","status":"publish","type":"post","link":"http:\/\/elurbanoweb.com.ar\/diario\/llega-a-santiago-el-1-encuentro-federal-de-fuegueros-del-pais\/","title":{"rendered":"Llega a Santiago el 1\u00b0 Encuentro Federal de Fuegueros del pa\u00eds"},"content":{"rendered":"<p>La provincia recibir\u00e1 durante el 5 y 6 de septiembre al primer Encuentro Federal de Fuegueros del pa\u00eds con una agenda que combinar\u00e1 actividades vinculadas al mundo motor, recorridos tur\u00edsticos y propuestas culturales y recreativas.<\/p>\n<p><img loading=\"lazy\" decoding=\"async\" class=\"alignnone wp-image-75138 size-full\" src=\"http:\/\/elurbanoweb.com.ar\/diario\/wp-content\/uploads\/2026\/09\/autos4.jpeg\" alt=\"\" width=\"921\" height=\"434\" srcset=\"http:\/\/elurbanoweb.com.ar\/diario\/wp-content\/uploads\/2026\/09\/autos4.jpeg 921w, http:\/\/elurbanoweb.com.ar\/diario\/wp-content\/uploads\/2026\/09\/autos4-300x141.jpeg 300w, http:\/\/elurbanoweb.com.ar\/diario\/wp-content\/uploads\/2026\/09\/autos4-150x71.jpeg 150w\" sizes=\"auto, (max-width: 921px) 100vw, 921px\" \/><\/p>\n<p><!--more--><\/p>\n<p>Esta propuesta reunir\u00e1 durante dos jornadas a apasionados por el mundo motor provenientes de distintos puntos del pa\u00eds.<\/p>\n<p>El encuentro, que fue declarado de inter\u00e9s provincial, comenzar\u00e1 el s\u00e1bado 5 de septiembre, entre las 8 y las 10.30, con el recibimiento, las acreditaciones, el desayuno y la presentaci\u00f3n de bienvenida en el Shopping Conte, sobre Ruta 9, en la localidad de El Zanj\u00f3n. Durante ese primer bloque tambi\u00e9n habr\u00e1 una exposici\u00f3n abierta al p\u00fablico, una excursi\u00f3n al Museo del Ciclomotor y distintos juegos y actividades recreativas.<\/p>\n<p>Entre las 11 y las 13 se desarrollar\u00e1 un almuerzo fueguero con show musical, animaci\u00f3n y entrega de obsequios a los visitantes.<\/p>\n<p>Por la tarde, a partir de las 14.30, los participantes realizar\u00e1n una caravana por la ciudad de Santiago del Estero que incluir\u00e1, a las 15, una visita al Estadio \u00danico Madre de Ciudades. Media hora m\u00e1s tarde, a las 15.30, la delegaci\u00f3n partir\u00e1 en caravana hacia Las Termas de R\u00edo Hondo donde estar\u00e1n participando del aniversario de la ciudad con un show car y exposici\u00f3n en el predio Kory Killa.<\/p>\n<p>El domingo 6 de septiembre, la actividad comenzar\u00e1 con el desayuno en el hotel, entre las 7 y las 8.30. Desde las 9, los participantes visitar\u00e1n el Aut\u00f3dromo Internacional de Las Termas de R\u00edo Hondo, con entrada y estacionamiento, donde se realizar\u00e1 una exposici\u00f3n y show car frente al Museo del Aut\u00f3dromo. Adem\u00e1s, podr\u00e1n presenciar las competencias de TC2000 y TC Pista.<\/p>\n<p>Entre las 13 y las 14.30 est\u00e1 previsto el ingreso de los veh\u00edculos a la pista del aut\u00f3dromo, aunque el horario definitivo a\u00fan est\u00e1 sujeto a la aprobaci\u00f3n de las autoridades correspondientes.<\/p>\n<p>El encuentro concluir\u00e1 entre las 15 y las 16, con la entrega de copas y diplomas, los agradecimientos y la despedida de los visitantes, cerrando as\u00ed dos jornadas que tendr\u00e1n a Santiago del Estero como punto de encuentro para los fan\u00e1ticos del mundo motor.<\/p>\n","protected":false},"excerpt":{"rendered":"<p>La provincia recibir\u00e1 durante el 5 y 6 de septiembre al primer Encuentro Federal de Fuegueros del pa\u00eds con una agenda que combinar\u00e1 actividades vinculadas al mundo motor, recorridos tur\u00edsticos&hellip; <\/p>\n","protected":false},"author":1,"featured_media":75138,"comment_status":"closed","ping_status":"closed","sticky":false,"template":"","format":"standard","meta":{"footnotes":""},"categories":[16],"tags":[],"class_list":["post-75137","post","type-post","status-publish","format-standard","has-post-thumbnail","hentry","category-locales"],"_links":{"self":[{"href":"http:\/\/elurbanoweb.com.ar\/diario\/wp-json\/wp\/v2\/posts\/75137","targetHints":{"allow":["GET"]}}],"collection":[{"href":"http:\/\/elurbanoweb.com.ar\/diario\/wp-json\/wp\/v2\/posts"}],"about":[{"href":"http:\/\/elurbanoweb.com.ar\/diario\/wp-json\/wp\/v2\/types\/post"}],"author":[{"embeddable":true,"href":"http:\/\/elurbanoweb.com.ar\/diario\/wp-json\/wp\/v2\/users\/1"}],"replies":[{"embeddable":true,"href":"http:\/\/elurbanoweb.com.ar\/diario\/wp-json\/wp\/v2\/comments?post=75137"}],"version-history":[{"count":1,"href":"http:\/\/elurbanoweb.com.ar\/diario\/wp-json\/wp\/v2\/posts\/75137\/revisions"}],"predecessor-version":[{"id":75139,"href":"http:\/\/elurbanoweb.com.ar\/diario\/wp-json\/wp\/v2\/posts\/75137\/revisions\/75139"}],"wp:featuredmedia":[{"embeddable":true,"href":"http:\/\/elurbanoweb.com.ar\/diario\/wp-json\/wp\/v2\/media\/75138"}],"wp:attachment":[{"href":"http:\/\/elurbanoweb.com.ar\/diario\/wp-json\/wp\/v2\/media?parent=75137"}],"wp:term":[{"taxonomy":"category","embeddable":true,"href":"http:\/\/elurbanoweb.com.ar\/diario\/wp-json\/wp\/v2\/categories?post=75137"},{"taxonomy":"post_tag","embeddable":true,"href":"http:\/\/elurbanoweb.com.ar\/diario\/wp-json\/wp\/v2\/tags?post=75137"}],"curies":[{"name":"wp","href":"https:\/\/api.w.org\/{rel}","templated":true}]}}