{"id":75140,"date":"2026-09-03T09:17:08","date_gmt":"2026-09-03T12:17:08","guid":{"rendered":"https:\/\/elurbanoweb.com.ar\/diario\/?p=75140"},"modified":"2026-09-03T09:17:08","modified_gmt":"2026-09-03T12:17:08","slug":"jardines-de-infantes-de-la-municipalidad-presentan-sus-proyectos-en-la-feria-provincial-de-la-ciencia-y-tecnologia","status":"publish","type":"post","link":"http:\/\/elurbanoweb.com.ar\/diario\/jardines-de-infantes-de-la-municipalidad-presentan-sus-proyectos-en-la-feria-provincial-de-la-ciencia-y-tecnologia\/","title":{"rendered":"Jardines de infantes de la municipalidad presentan sus proyectos en la feria provincial de la Ciencia y Tecnologi\u00e1"},"content":{"rendered":"<p>Los jardines de infantes de la Municipalidad de la Capital participan de la 23\u00b0 edici\u00f3n de la Feria de la Ciencia y Tecnolog\u00eda Provincial, con la exposici\u00f3n y muestra de proyectos elaborados por alumnos y docentes.<\/p>\n<p><img loading=\"lazy\" decoding=\"async\" class=\"alignnone wp-image-75141 size-large\" src=\"http:\/\/elurbanoweb.com.ar\/diario\/wp-content\/uploads\/2026\/09\/proyectos4-1024x682.jpg\" alt=\"\" width=\"1024\" height=\"682\" srcset=\"http:\/\/elurbanoweb.com.ar\/diario\/wp-content\/uploads\/2026\/09\/proyectos4-1024x682.jpg 1024w, http:\/\/elurbanoweb.com.ar\/diario\/wp-content\/uploads\/2026\/09\/proyectos4-300x200.jpg 300w, http:\/\/elurbanoweb.com.ar\/diario\/wp-content\/uploads\/2026\/09\/proyectos4-150x100.jpg 150w, http:\/\/elurbanoweb.com.ar\/diario\/wp-content\/uploads\/2026\/09\/proyectos4-1536x1023.jpg 1536w, http:\/\/elurbanoweb.com.ar\/diario\/wp-content\/uploads\/2026\/09\/proyectos4.jpg 1600w\" sizes=\"auto, (max-width: 1024px) 100vw, 1024px\" \/><\/p>\n<p><!--more--> El acto oficial de la feria estuvo encabezado por el gobernador, El\u00edas Su\u00e1rez, y la ministra de Educaci\u00f3n, Mariela Nassif, acompa\u00f1ados por otros funcionarios provinciales; mientras que por la Municipalidad asistieron los secretarios de Coordinaci\u00f3n de Gabinete, Mario Benavente, y de Gobierno, Walter Medina Salom\u00f3n; junto a la subsecretaria de Educaci\u00f3n, Nancy Bravo, y la directora del \u00e1rea, Josefina Muratore.<\/p>\n<p>En esta oportunidad forman parte de la exposici\u00f3n: el Jard\u00edn de Infantes N\u00ba 1 \u201cBlancanieves\u201d con el proyecto tem\u00e1tico \u201cEl coraz\u00f3n de Santiago late en el Parque Aguirre\u201d; el Jard\u00edn de Infantes N\u00ba 12 \u201cArco Iris\u201d y su proyecto \u201cCazadores de Meteoritos\u201d; el Jard\u00edn de Infantes N\u00ba 12 \u201cArco Iris\u201d con \u201cPanajedrez Sachero\u201d; el jard\u00edn de Infantes N\u00ba 15 \u201cIsabel Rodr\u00edguez de P\u00e1ez\u201d y el proyecto: \u201cMisi\u00f3n R\u00edo Dulce: \u00a1Alerta Bot al rescate!\u201d; el Jard\u00edn de Infantes N\u00ba 15 \u201cIsabel Rodr\u00edguez de P\u00e1ez\u201d con \u201cMidiendo y Jugando: Nuestro patio vamos ampliando\u201d; tambi\u00e9n el Jard\u00edn de Infantes N\u00ba 18 \u201cIng. Bruno Volta\u201d con \u201cTramas del monte\u201d; el Jard\u00edn de Infantes Municipal N\u00ba 22 \u201cVirgen del Carmen\u201d con el proyecto: \u201cUn Dique Inteligente\u201d y el Jard\u00edn de Infantes N\u00ba 24 \u201cHilda Josefa D\u00edaz de Rocha\u201d y el proyecto \u201c\u00bfPlaga o Vida? El Misterio de las Orugas\u201d.<\/p>\n","protected":false},"excerpt":{"rendered":"<p>Los jardines de infantes de la Municipalidad de la Capital participan de la 23\u00b0 edici\u00f3n de la Feria de la Ciencia y Tecnolog\u00eda Provincial, con la exposici\u00f3n y muestra de&hellip; <\/p>\n","protected":false},"author":1,"featured_media":75141,"comment_status":"closed","ping_status":"closed","sticky":false,"template":"","format":"standard","meta":{"footnotes":""},"categories":[3],"tags":[],"class_list":["post-75140","post","type-post","status-publish","format-standard","has-post-thumbnail","hentry","category-municipio"],"_links":{"self":[{"href":"http:\/\/elurbanoweb.com.ar\/diario\/wp-json\/wp\/v2\/posts\/75140","targetHints":{"allow":["GET"]}}],"collection":[{"href":"http:\/\/elurbanoweb.com.ar\/diario\/wp-json\/wp\/v2\/posts"}],"about":[{"href":"http:\/\/elurbanoweb.com.ar\/diario\/wp-json\/wp\/v2\/types\/post"}],"author":[{"embeddable":true,"href":"http:\/\/elurbanoweb.com.ar\/diario\/wp-json\/wp\/v2\/users\/1"}],"replies":[{"embeddable":true,"href":"http:\/\/elurbanoweb.com.ar\/diario\/wp-json\/wp\/v2\/comments?post=75140"}],"version-history":[{"count":1,"href":"http:\/\/elurbanoweb.com.ar\/diario\/wp-json\/wp\/v2\/posts\/75140\/revisions"}],"predecessor-version":[{"id":75142,"href":"http:\/\/elurbanoweb.com.ar\/diario\/wp-json\/wp\/v2\/posts\/75140\/revisions\/75142"}],"wp:featuredmedia":[{"embeddable":true,"href":"http:\/\/elurbanoweb.com.ar\/diario\/wp-json\/wp\/v2\/media\/75141"}],"wp:attachment":[{"href":"http:\/\/elurbanoweb.com.ar\/diario\/wp-json\/wp\/v2\/media?parent=75140"}],"wp:term":[{"taxonomy":"category","embeddable":true,"href":"http:\/\/elurbanoweb.com.ar\/diario\/wp-json\/wp\/v2\/categories?post=75140"},{"taxonomy":"post_tag","embeddable":true,"href":"http:\/\/elurbanoweb.com.ar\/diario\/wp-json\/wp\/v2\/tags?post=75140"}],"curies":[{"name":"wp","href":"https:\/\/api.w.org\/{rel}","templated":true}]}}