{"id":75148,"date":"2026-09-03T13:42:08","date_gmt":"2026-09-03T16:42:08","guid":{"rendered":"https:\/\/elurbanoweb.com.ar\/diario\/?p=75148"},"modified":"2026-09-03T13:42:08","modified_gmt":"2026-09-03T16:42:08","slug":"herrera-el-colegio-republica-de-venezuela-fue-seleccionado-en-suenos-de-radio-de-cadena-3","status":"publish","type":"post","link":"http:\/\/elurbanoweb.com.ar\/diario\/herrera-el-colegio-republica-de-venezuela-fue-seleccionado-en-suenos-de-radio-de-cadena-3\/","title":{"rendered":"Herrera: el Colegio Rep\u00fablica de Venezuela fue seleccionado en \u201cSue\u00f1os de Radio\u201d de Cadena 3"},"content":{"rendered":"<p>El anuncio lo realiz\u00f3 el reconocido periodista Rodolfo Barili, quien dio a conocer los trabajos ganadores de la propuesta. La comunidad de Herrera celebr\u00f3 la selecci\u00f3n de su producci\u00f3n radial.<\/p>\n<p><img loading=\"lazy\" decoding=\"async\" class=\"alignnone wp-image-75149 size-full\" src=\"http:\/\/elurbanoweb.com.ar\/diario\/wp-content\/uploads\/2026\/09\/cadena.jpg\" alt=\"\" width=\"1010\" height=\"567\" srcset=\"http:\/\/elurbanoweb.com.ar\/diario\/wp-content\/uploads\/2026\/09\/cadena.jpg 1010w, http:\/\/elurbanoweb.com.ar\/diario\/wp-content\/uploads\/2026\/09\/cadena-300x168.jpg 300w, http:\/\/elurbanoweb.com.ar\/diario\/wp-content\/uploads\/2026\/09\/cadena-150x84.jpg 150w\" sizes=\"auto, (max-width: 1010px) 100vw, 1010px\" \/><\/p>\n<p><!--more--><\/p>\n<p>Una importante noticia recibi\u00f3 la comunidad educativa del Colegio Rep\u00fablica de Venezuela de Herrera, departamento Avellaneda, luego de que su trabajo radial fuera seleccionado en \u201cSue\u00f1os de Radio\u201d, una propuesta organizada por la radio federal Cadena 3 de la Provincia de C\u00f3rdoba.<\/p>\n<p>El anuncio de los trabajos seleccionados estuvo a cargo del reconocido periodista Rodolfo Barili, quien, en un momento cargado de emoci\u00f3n y expectativa, dio lectura a los nombres de las instituciones cuyos trabajos fueron elegidos.<\/p>\n<p>Entre ellos estuvo el Colegio Rep\u00fablica de Venezuela, representando a Herrera y al departamento Avellaneda y a la Provincia de Santiago del Estero, un reconocimiento que pone en valor el compromiso, la creatividad y el entusiasmo de estudiantes y docentes en torno a la comunicaci\u00f3n y la radio. Los alumnos estuvieron acompa\u00f1ados por los profesores Silvia Herrera y Franco Escalada. Los alumnos de 5\u00b0 a\u00f1o llegaron a la final en rubro Radioteatro (El desaf\u00edo a lo nuevo no tan nuevo) y Folclore y M\u00fasica Regional (el canto y la danza en el ADN de nuestro pueblo).<\/p>\n<p>La noticia fue recibida con alegr\u00eda por toda la comunidad educativa y la Profe. Karina Coria, rectora de la instituci\u00f3n, destac\u00f3 el valor de esta experiencia y la posibilidad de que una producci\u00f3n realizada desde una instituci\u00f3n del interior santiague\u00f1o pueda trascender las fronteras de su localidad.<\/p>\n<p>\u201cSue\u00f1os de Radio\u201d se convirti\u00f3 as\u00ed en una experiencia significativa para quienes participaron, demostrando que la creatividad y las ganas de comunicar pueden abrir nuevas oportunidades y hacer escuchar las voces de nuestros j\u00f3venes. El jurado estuvo integrado por Soledad Pastorutti, Lalo Mir y Juan Jos\u00e9 Campanella, entre otros.<\/p>\n","protected":false},"excerpt":{"rendered":"<p>El anuncio lo realiz\u00f3 el reconocido periodista Rodolfo Barili, quien dio a conocer los trabajos ganadores de la propuesta. La comunidad de Herrera celebr\u00f3 la selecci\u00f3n de su producci\u00f3n radial.<\/p>\n","protected":false},"author":1,"featured_media":75149,"comment_status":"closed","ping_status":"closed","sticky":false,"template":"","format":"standard","meta":{"footnotes":""},"categories":[10],"tags":[],"class_list":["post-75148","post","type-post","status-publish","format-standard","has-post-thumbnail","hentry","category-interior"],"_links":{"self":[{"href":"http:\/\/elurbanoweb.com.ar\/diario\/wp-json\/wp\/v2\/posts\/75148","targetHints":{"allow":["GET"]}}],"collection":[{"href":"http:\/\/elurbanoweb.com.ar\/diario\/wp-json\/wp\/v2\/posts"}],"about":[{"href":"http:\/\/elurbanoweb.com.ar\/diario\/wp-json\/wp\/v2\/types\/post"}],"author":[{"embeddable":true,"href":"http:\/\/elurbanoweb.com.ar\/diario\/wp-json\/wp\/v2\/users\/1"}],"replies":[{"embeddable":true,"href":"http:\/\/elurbanoweb.com.ar\/diario\/wp-json\/wp\/v2\/comments?post=75148"}],"version-history":[{"count":1,"href":"http:\/\/elurbanoweb.com.ar\/diario\/wp-json\/wp\/v2\/posts\/75148\/revisions"}],"predecessor-version":[{"id":75150,"href":"http:\/\/elurbanoweb.com.ar\/diario\/wp-json\/wp\/v2\/posts\/75148\/revisions\/75150"}],"wp:featuredmedia":[{"embeddable":true,"href":"http:\/\/elurbanoweb.com.ar\/diario\/wp-json\/wp\/v2\/media\/75149"}],"wp:attachment":[{"href":"http:\/\/elurbanoweb.com.ar\/diario\/wp-json\/wp\/v2\/media?parent=75148"}],"wp:term":[{"taxonomy":"category","embeddable":true,"href":"http:\/\/elurbanoweb.com.ar\/diario\/wp-json\/wp\/v2\/categories?post=75148"},{"taxonomy":"post_tag","embeddable":true,"href":"http:\/\/elurbanoweb.com.ar\/diario\/wp-json\/wp\/v2\/tags?post=75148"}],"curies":[{"name":"wp","href":"https:\/\/api.w.org\/{rel}","templated":true}]}}