{"id":75159,"date":"2026-09-03T17:55:15","date_gmt":"2026-09-03T20:55:15","guid":{"rendered":"https:\/\/elurbanoweb.com.ar\/diario\/?p=75159"},"modified":"2026-09-03T17:55:15","modified_gmt":"2026-09-03T20:55:15","slug":"la-provincia-y-el-colegio-de-fonoaudiologos-firmaron-un-convenio-marco-de-cooperacion","status":"publish","type":"post","link":"http:\/\/elurbanoweb.com.ar\/diario\/la-provincia-y-el-colegio-de-fonoaudiologos-firmaron-un-convenio-marco-de-cooperacion\/","title":{"rendered":"La Provincia y el Colegio de Fonoaudi\u00f3logos firmaron un convenio marco de cooperaci\u00f3n"},"content":{"rendered":"<p>El Gobierno de la provincia firm\u00f3 este jueves un convenio marco de cooperaci\u00f3n para la creaci\u00f3n de un gabinete itinerante junto al Consejo Econ\u00f3mico y Social y el Colegio Profesional de Fonoaudi\u00f3logos de Santiago del Estero.<\/p>\n<p><img loading=\"lazy\" decoding=\"async\" class=\"alignnone wp-image-75160 size-large\" src=\"http:\/\/elurbanoweb.com.ar\/diario\/wp-content\/uploads\/2026\/09\/fono-1024x576.jpeg\" alt=\"\" width=\"1024\" height=\"576\" srcset=\"http:\/\/elurbanoweb.com.ar\/diario\/wp-content\/uploads\/2026\/09\/fono-1024x576.jpeg 1024w, http:\/\/elurbanoweb.com.ar\/diario\/wp-content\/uploads\/2026\/09\/fono-300x169.jpeg 300w, http:\/\/elurbanoweb.com.ar\/diario\/wp-content\/uploads\/2026\/09\/fono-150x84.jpeg 150w, http:\/\/elurbanoweb.com.ar\/diario\/wp-content\/uploads\/2026\/09\/fono-1536x864.jpeg 1536w, http:\/\/elurbanoweb.com.ar\/diario\/wp-content\/uploads\/2026\/09\/fono.jpeg 1600w\" sizes=\"auto, (max-width: 1024px) 100vw, 1024px\" \/><\/p>\n<p><!--more-->De la firma participaron el jefe de Gabinete, V\u00edctor Araujo; la ministra de Educaci\u00f3n, Mariela Nassif; el secretario del Consejo Econ\u00f3mico y Social, Miguel Mandrille; el subsecretario de Educaci\u00f3n, Alejandro P\u00edccoli, y la presidente del Colegio de Fonoaudi\u00f3logos, Noem\u00ed Molina S\u00e1nchez.<\/p>\n<p>La medida responde al concepto central de gesti\u00f3n que prioriza la provincia: la articulaci\u00f3n permanente entre el Estado y las instituciones intermedias para potenciar las capacidades t\u00e9cnicas, optimizar la toma de decisiones con informaci\u00f3n fidedigna y federalizar los servicios profesionales hacia todo el territorio provincial.<\/p>\n<p>Al respecto, la ministra Nassif remarc\u00f3 el valor estrat\u00e9gico de sumar el conocimiento de los colegios profesionales, destacando la mirada integral sobre las infancias y la necesidad de garantizar la permanencia escolar.<\/p>\n<p>Adem\u00e1s, se\u00f1al\u00f3 que como parte de esta pol\u00edtica que el Gobierno de la provincia viene llevando adelante, mediante la vinculaci\u00f3n con los distintos colegios profesionales para sumar capacidades t\u00e9cnicas, la entidad que agrupa a los fonoaudi\u00f3logos va a formar un gabinete itinerante para trabajar con los chicos en edad preescolar, teniendo en cuenta que las problem\u00e1ticas que abordan afectan directamente en el proceso de ense\u00f1anza y aprendizaje. \u201cEntendemos que en esa mirada integral vamos a poder facilitar la inclusi\u00f3n, la permanencia y los aprendizajes que tanto necesitamos en el sistema\u201d, precis\u00f3.<\/p>\n<p>Por su parte, el jefe de Gabinete puso como eje el trabajo mancomunado con distintos sectores para nutrir de datos certeros al Estado y acercar soluciones concretas a los santiague\u00f1os; poniendo el foco en la jerarquizaci\u00f3n del recurso humano local y el despliegue territorial de las prestaciones.<\/p>\n<p>\u201cEste convenio \u2013explic\u00f3- nos va a permitir, no solamente nutrirnos de informaci\u00f3n espec\u00edfica para la toma de decisiones, sino tambi\u00e9n bajar a territorio los servicios de estos profesionales, que son tan necesarios, sobre todo en el interior de la provincia\u201d.<\/p>\n<p>\u201cEs lo que nos pide el gobernador El\u00edas Su\u00e1rez, que trabajemos en forma conjunta con las distintas instituciones y que podamos nutrirnos de los conocimientos de nuestros profesionales, porque Santiago del Estero tiene muy buenos profesionales en todas las \u00e1reas\u201d, resalt\u00f3 Araujo.<\/p>\n","protected":false},"excerpt":{"rendered":"<p>El Gobierno de la provincia firm\u00f3 este jueves un convenio marco de cooperaci\u00f3n para la creaci\u00f3n de un gabinete itinerante junto al Consejo Econ\u00f3mico y Social y el Colegio Profesional&hellip; <\/p>\n","protected":false},"author":1,"featured_media":75160,"comment_status":"closed","ping_status":"closed","sticky":false,"template":"","format":"standard","meta":{"footnotes":""},"categories":[2],"tags":[],"class_list":["post-75159","post","type-post","status-publish","format-standard","has-post-thumbnail","hentry","category-gobierno"],"_links":{"self":[{"href":"http:\/\/elurbanoweb.com.ar\/diario\/wp-json\/wp\/v2\/posts\/75159","targetHints":{"allow":["GET"]}}],"collection":[{"href":"http:\/\/elurbanoweb.com.ar\/diario\/wp-json\/wp\/v2\/posts"}],"about":[{"href":"http:\/\/elurbanoweb.com.ar\/diario\/wp-json\/wp\/v2\/types\/post"}],"author":[{"embeddable":true,"href":"http:\/\/elurbanoweb.com.ar\/diario\/wp-json\/wp\/v2\/users\/1"}],"replies":[{"embeddable":true,"href":"http:\/\/elurbanoweb.com.ar\/diario\/wp-json\/wp\/v2\/comments?post=75159"}],"version-history":[{"count":1,"href":"http:\/\/elurbanoweb.com.ar\/diario\/wp-json\/wp\/v2\/posts\/75159\/revisions"}],"predecessor-version":[{"id":75161,"href":"http:\/\/elurbanoweb.com.ar\/diario\/wp-json\/wp\/v2\/posts\/75159\/revisions\/75161"}],"wp:featuredmedia":[{"embeddable":true,"href":"http:\/\/elurbanoweb.com.ar\/diario\/wp-json\/wp\/v2\/media\/75160"}],"wp:attachment":[{"href":"http:\/\/elurbanoweb.com.ar\/diario\/wp-json\/wp\/v2\/media?parent=75159"}],"wp:term":[{"taxonomy":"category","embeddable":true,"href":"http:\/\/elurbanoweb.com.ar\/diario\/wp-json\/wp\/v2\/categories?post=75159"},{"taxonomy":"post_tag","embeddable":true,"href":"http:\/\/elurbanoweb.com.ar\/diario\/wp-json\/wp\/v2\/tags?post=75159"}],"curies":[{"name":"wp","href":"https:\/\/api.w.org\/{rel}","templated":true}]}}