{"id":75162,"date":"2026-09-03T17:58:58","date_gmt":"2026-09-03T20:58:58","guid":{"rendered":"https:\/\/elurbanoweb.com.ar\/diario\/?p=75162"},"modified":"2026-09-03T17:58:58","modified_gmt":"2026-09-03T20:58:58","slug":"alumnos-de-la-ciudad-de-bandera-visitaron-casa-de-gobierno","status":"publish","type":"post","link":"http:\/\/elurbanoweb.com.ar\/diario\/alumnos-de-la-ciudad-de-bandera-visitaron-casa-de-gobierno\/","title":{"rendered":"Alumnos de la ciudad de Bandera visitaron Casa de Gobierno"},"content":{"rendered":"<p>El ministro de Gobierno, Seguridad y Culto, Bernardo Jos\u00e9 Herrera, recibi\u00f3 este jueves en Casa de Gobierno a un contingente de 42 alumnos de cuarto grado y docentes de la Escuela N\u00b0 204 \u201cJos\u00e9 Jacinto Berrutti\u201d, de la ciudad de Bandera, cabecera del departamento Belgrano.<\/p>\n<p><img loading=\"lazy\" decoding=\"async\" class=\"alignnone wp-image-75163 size-large\" src=\"http:\/\/elurbanoweb.com.ar\/diario\/wp-content\/uploads\/2026\/09\/alumnos-1024x576.jpeg\" alt=\"\" width=\"1024\" height=\"576\" srcset=\"http:\/\/elurbanoweb.com.ar\/diario\/wp-content\/uploads\/2026\/09\/alumnos-1024x576.jpeg 1024w, http:\/\/elurbanoweb.com.ar\/diario\/wp-content\/uploads\/2026\/09\/alumnos-300x169.jpeg 300w, http:\/\/elurbanoweb.com.ar\/diario\/wp-content\/uploads\/2026\/09\/alumnos-150x84.jpeg 150w, http:\/\/elurbanoweb.com.ar\/diario\/wp-content\/uploads\/2026\/09\/alumnos.jpeg 1200w\" sizes=\"auto, (max-width: 1024px) 100vw, 1024px\" \/><\/p>\n<p><!--more-->El encuentro se llev\u00f3 a cabo en el Sal\u00f3n de Acuerdos en el marco de un proyecto institucional denominado \u201cJuntos conocemos la ciudad\u201d, que prev\u00e9 un recorrido por los lugares m\u00e1s emblem\u00e1ticos de la capital provincial.<\/p>\n<p>El docente Leandro Bustamante valor\u00f3 la apertura del gobierno de la provincia especialmente hacia los chicos del interior, para que puedan conocer de cerca sus \u00e1reas de gesti\u00f3n. Dijo adem\u00e1s que pudieron asistir a la Feria Provincial de Ciencia y Tecnolog\u00eda que se desarroll\u00f3 en el Nodo Tecnol\u00f3gico. \u201cEstamos agradecidos porque cada d\u00eda aprendernos m\u00e1s, no solo los adultos, sino tambi\u00e9n los ni\u00f1os\u201d, dijo.<\/p>\n<p>Por su parte, el ministro transmiti\u00f3 los saludos del gobernador El\u00edas Su\u00e1rez y felicit\u00f3 a los docentes por acompa\u00f1ar a los alumnos en esta experiencia que les permite ampliar su mirada de la provincia. Tambi\u00e9n alent\u00f3 a los chicos a hacer su mejor esfuerzo para desarrollar conocimientos que les permitan sumar herramientas para aspirar a un mejor futuro.<\/p>\n<p>\u201cUstedes van a ser protagonistas de la historia de nuestra provincia. Tambi\u00e9n valoren mucho la labor de sus docentes porque son los que conducen, ense\u00f1an y educan. Lo hacen con mucha vocaci\u00f3n\u201d, concluy\u00f3.<\/p>\n","protected":false},"excerpt":{"rendered":"<p>El ministro de Gobierno, Seguridad y Culto, Bernardo Jos\u00e9 Herrera, recibi\u00f3 este jueves en Casa de Gobierno a un contingente de 42 alumnos de cuarto grado y docentes de la&hellip; <\/p>\n","protected":false},"author":1,"featured_media":75163,"comment_status":"closed","ping_status":"closed","sticky":false,"template":"","format":"standard","meta":{"footnotes":""},"categories":[2],"tags":[],"class_list":["post-75162","post","type-post","status-publish","format-standard","has-post-thumbnail","hentry","category-gobierno"],"_links":{"self":[{"href":"http:\/\/elurbanoweb.com.ar\/diario\/wp-json\/wp\/v2\/posts\/75162","targetHints":{"allow":["GET"]}}],"collection":[{"href":"http:\/\/elurbanoweb.com.ar\/diario\/wp-json\/wp\/v2\/posts"}],"about":[{"href":"http:\/\/elurbanoweb.com.ar\/diario\/wp-json\/wp\/v2\/types\/post"}],"author":[{"embeddable":true,"href":"http:\/\/elurbanoweb.com.ar\/diario\/wp-json\/wp\/v2\/users\/1"}],"replies":[{"embeddable":true,"href":"http:\/\/elurbanoweb.com.ar\/diario\/wp-json\/wp\/v2\/comments?post=75162"}],"version-history":[{"count":1,"href":"http:\/\/elurbanoweb.com.ar\/diario\/wp-json\/wp\/v2\/posts\/75162\/revisions"}],"predecessor-version":[{"id":75164,"href":"http:\/\/elurbanoweb.com.ar\/diario\/wp-json\/wp\/v2\/posts\/75162\/revisions\/75164"}],"wp:featuredmedia":[{"embeddable":true,"href":"http:\/\/elurbanoweb.com.ar\/diario\/wp-json\/wp\/v2\/media\/75163"}],"wp:attachment":[{"href":"http:\/\/elurbanoweb.com.ar\/diario\/wp-json\/wp\/v2\/media?parent=75162"}],"wp:term":[{"taxonomy":"category","embeddable":true,"href":"http:\/\/elurbanoweb.com.ar\/diario\/wp-json\/wp\/v2\/categories?post=75162"},{"taxonomy":"post_tag","embeddable":true,"href":"http:\/\/elurbanoweb.com.ar\/diario\/wp-json\/wp\/v2\/tags?post=75162"}],"curies":[{"name":"wp","href":"https:\/\/api.w.org\/{rel}","templated":true}]}}