{"id":75166,"date":"2026-09-03T23:30:26","date_gmt":"2026-09-04T02:30:26","guid":{"rendered":"https:\/\/elurbanoweb.com.ar\/diario\/?p=75166"},"modified":"2026-09-03T23:30:26","modified_gmt":"2026-09-04T02:30:26","slug":"la-intendente-fuentes-asistio-a-la-apertura-del-xl-congreso-argentino-de-ginecologia-y-obstetricia","status":"publish","type":"post","link":"http:\/\/elurbanoweb.com.ar\/diario\/la-intendente-fuentes-asistio-a-la-apertura-del-xl-congreso-argentino-de-ginecologia-y-obstetricia\/","title":{"rendered":"La intendente Fuentes asisti\u00f3 a la apertura del XL Congreso Argentino de Ginecolog\u00eda y Obstetricia"},"content":{"rendered":"<p>La intendente, Ing. Norma Fuentes, particip\u00f3 del acto oficial de apertura del XL Congreso Argentino de Ginecolog\u00eda y Obstetricia FASGO 2026, organizado por la Sociedad de Obstetricia y Ginecolog\u00eda de Santiago del Estero en las instalaciones del F\u00f3rum y que fue encabezada por el gobernador de la Provincia, El\u00edas Su\u00e1rez.<\/p>\n<p><img loading=\"lazy\" decoding=\"async\" class=\"alignnone wp-image-75167 size-large\" src=\"http:\/\/elurbanoweb.com.ar\/diario\/wp-content\/uploads\/2026\/09\/gine1-1024x765.jpg\" alt=\"\" width=\"1024\" height=\"765\" srcset=\"http:\/\/elurbanoweb.com.ar\/diario\/wp-content\/uploads\/2026\/09\/gine1-1024x765.jpg 1024w, http:\/\/elurbanoweb.com.ar\/diario\/wp-content\/uploads\/2026\/09\/gine1-300x224.jpg 300w, http:\/\/elurbanoweb.com.ar\/diario\/wp-content\/uploads\/2026\/09\/gine1-150x112.jpg 150w, http:\/\/elurbanoweb.com.ar\/diario\/wp-content\/uploads\/2026\/09\/gine1-1536x1148.jpg 1536w, http:\/\/elurbanoweb.com.ar\/diario\/wp-content\/uploads\/2026\/09\/gine1.jpg 2048w\" sizes=\"auto, (max-width: 1024px) 100vw, 1024px\" \/><\/p>\n<p><!--more--> Asisti\u00f3 acompa\u00f1ada por el secretario de Coordinaci\u00f3n de Gabinete, Ing. Mario Benavente, en una ceremonia en la que tambi\u00e9n estuvieron presentes el vicegobernador Carlos Silva Neder; el jefe de Gabinete de Ministros, V\u00edctor Araujo; la Ministra de Salud, Natividad Nassif; el presidente de la Federaci\u00f3n, Omar Latino, y la titular de la Sociedad de Obstetricia y Ginecolog\u00eda de Santiago del Estero, Mariela Fuentes Costilla.<\/p>\n","protected":false},"excerpt":{"rendered":"<p>La intendente, Ing. Norma Fuentes, particip\u00f3 del acto oficial de apertura del XL Congreso Argentino de Ginecolog\u00eda y Obstetricia FASGO 2026, organizado por la Sociedad de Obstetricia y Ginecolog\u00eda de&hellip; <\/p>\n","protected":false},"author":1,"featured_media":75167,"comment_status":"closed","ping_status":"closed","sticky":false,"template":"","format":"standard","meta":{"footnotes":""},"categories":[3],"tags":[],"class_list":["post-75166","post","type-post","status-publish","format-standard","has-post-thumbnail","hentry","category-municipio"],"_links":{"self":[{"href":"http:\/\/elurbanoweb.com.ar\/diario\/wp-json\/wp\/v2\/posts\/75166","targetHints":{"allow":["GET"]}}],"collection":[{"href":"http:\/\/elurbanoweb.com.ar\/diario\/wp-json\/wp\/v2\/posts"}],"about":[{"href":"http:\/\/elurbanoweb.com.ar\/diario\/wp-json\/wp\/v2\/types\/post"}],"author":[{"embeddable":true,"href":"http:\/\/elurbanoweb.com.ar\/diario\/wp-json\/wp\/v2\/users\/1"}],"replies":[{"embeddable":true,"href":"http:\/\/elurbanoweb.com.ar\/diario\/wp-json\/wp\/v2\/comments?post=75166"}],"version-history":[{"count":1,"href":"http:\/\/elurbanoweb.com.ar\/diario\/wp-json\/wp\/v2\/posts\/75166\/revisions"}],"predecessor-version":[{"id":75168,"href":"http:\/\/elurbanoweb.com.ar\/diario\/wp-json\/wp\/v2\/posts\/75166\/revisions\/75168"}],"wp:featuredmedia":[{"embeddable":true,"href":"http:\/\/elurbanoweb.com.ar\/diario\/wp-json\/wp\/v2\/media\/75167"}],"wp:attachment":[{"href":"http:\/\/elurbanoweb.com.ar\/diario\/wp-json\/wp\/v2\/media?parent=75166"}],"wp:term":[{"taxonomy":"category","embeddable":true,"href":"http:\/\/elurbanoweb.com.ar\/diario\/wp-json\/wp\/v2\/categories?post=75166"},{"taxonomy":"post_tag","embeddable":true,"href":"http:\/\/elurbanoweb.com.ar\/diario\/wp-json\/wp\/v2\/tags?post=75166"}],"curies":[{"name":"wp","href":"https:\/\/api.w.org\/{rel}","templated":true}]}}