{"id":75169,"date":"2026-09-03T23:32:29","date_gmt":"2026-09-04T02:32:29","guid":{"rendered":"https:\/\/elurbanoweb.com.ar\/diario\/?p=75169"},"modified":"2026-09-03T23:32:29","modified_gmt":"2026-09-04T02:32:29","slug":"dos-jardines-de-infantes-de-la-municipalidad-fueron-seleccionados-para-participar-de-la-feria-nacional-de-ciencia-y-tecnologia","status":"publish","type":"post","link":"http:\/\/elurbanoweb.com.ar\/diario\/dos-jardines-de-infantes-de-la-municipalidad-fueron-seleccionados-para-participar-de-la-feria-nacional-de-ciencia-y-tecnologia\/","title":{"rendered":"Dos jardines de infantes de la Municipalidad fueron seleccionados para participar de la Feria Nacional de Ciencia y Tecnolog\u00eda"},"content":{"rendered":"<p>Los jardines de infantes N\u00b0 15 \u201cIsabel Rodr\u00edguez de P\u00e1ez\u201d y N\u00b018 \u201cIng. Bruno Volta\u201d de la Municipalidad de la Capital que participaron de la 23\u00b0 Feria Provincial de Ciencia y Tecnolog\u00eda de la Provincia fueron seleccionados por un jurado evaluador para formar parte de la Feria nacional en el mes de octubre.<\/p>\n<p><img loading=\"lazy\" decoding=\"async\" class=\"alignnone wp-image-75170 size-large\" src=\"http:\/\/elurbanoweb.com.ar\/diario\/wp-content\/uploads\/2026\/09\/dos-1024x683.jpg\" alt=\"\" width=\"1024\" height=\"683\" srcset=\"http:\/\/elurbanoweb.com.ar\/diario\/wp-content\/uploads\/2026\/09\/dos-1024x683.jpg 1024w, http:\/\/elurbanoweb.com.ar\/diario\/wp-content\/uploads\/2026\/09\/dos-300x200.jpg 300w, http:\/\/elurbanoweb.com.ar\/diario\/wp-content\/uploads\/2026\/09\/dos-150x100.jpg 150w, http:\/\/elurbanoweb.com.ar\/diario\/wp-content\/uploads\/2026\/09\/dos-1536x1024.jpg 1536w, http:\/\/elurbanoweb.com.ar\/diario\/wp-content\/uploads\/2026\/09\/dos.jpg 2048w\" sizes=\"auto, (max-width: 1024px) 100vw, 1024px\" \/><\/p>\n<p><!--more--> El jard\u00edn N\u00b015, se present\u00f3 con el proyecto \u201cMisi\u00f3n R\u00edo Dulce: \u00a1Alerta Bot al rescate! y bas\u00f3 su trabajo en la tecnolog\u00eda; mientras que el Jard\u00edn N\u00b018 lo hizo con el proyecto \u201cTramas del monte. Descubriendo figuras y patrones en los telares santiague\u00f1os\u201d con un eje de trabajo matem\u00e1tico.<\/p>\n<p>En tanto, recibieron su distinci\u00f3n los jardines N\u00b012 \u201cArco Iris\u201d con los proyectos \u201cPanajedrez sachero\u201d y \u201cCazadores de meteoritos\u201d; el Jard\u00edn N\u00b015 \u201cIsabel Rodr\u00edguez de P\u00e1ez\u201d con el proyecto \u201cMidiendo y jugando nuestro patio, vamos ampliando\u201d y el Jard\u00edn N\u00b022 \u201cVirgen del Carmen\u201d con el trabajo \u201cUn dique inteligente\u201d.<\/p>\n","protected":false},"excerpt":{"rendered":"<p>Los jardines de infantes N\u00b0 15 \u201cIsabel Rodr\u00edguez de P\u00e1ez\u201d y N\u00b018 \u201cIng. Bruno Volta\u201d de la Municipalidad de la Capital que participaron de la 23\u00b0 Feria Provincial de Ciencia&hellip; <\/p>\n","protected":false},"author":1,"featured_media":75170,"comment_status":"closed","ping_status":"closed","sticky":false,"template":"","format":"standard","meta":{"footnotes":""},"categories":[3],"tags":[],"class_list":["post-75169","post","type-post","status-publish","format-standard","has-post-thumbnail","hentry","category-municipio"],"_links":{"self":[{"href":"http:\/\/elurbanoweb.com.ar\/diario\/wp-json\/wp\/v2\/posts\/75169","targetHints":{"allow":["GET"]}}],"collection":[{"href":"http:\/\/elurbanoweb.com.ar\/diario\/wp-json\/wp\/v2\/posts"}],"about":[{"href":"http:\/\/elurbanoweb.com.ar\/diario\/wp-json\/wp\/v2\/types\/post"}],"author":[{"embeddable":true,"href":"http:\/\/elurbanoweb.com.ar\/diario\/wp-json\/wp\/v2\/users\/1"}],"replies":[{"embeddable":true,"href":"http:\/\/elurbanoweb.com.ar\/diario\/wp-json\/wp\/v2\/comments?post=75169"}],"version-history":[{"count":1,"href":"http:\/\/elurbanoweb.com.ar\/diario\/wp-json\/wp\/v2\/posts\/75169\/revisions"}],"predecessor-version":[{"id":75171,"href":"http:\/\/elurbanoweb.com.ar\/diario\/wp-json\/wp\/v2\/posts\/75169\/revisions\/75171"}],"wp:featuredmedia":[{"embeddable":true,"href":"http:\/\/elurbanoweb.com.ar\/diario\/wp-json\/wp\/v2\/media\/75170"}],"wp:attachment":[{"href":"http:\/\/elurbanoweb.com.ar\/diario\/wp-json\/wp\/v2\/media?parent=75169"}],"wp:term":[{"taxonomy":"category","embeddable":true,"href":"http:\/\/elurbanoweb.com.ar\/diario\/wp-json\/wp\/v2\/categories?post=75169"},{"taxonomy":"post_tag","embeddable":true,"href":"http:\/\/elurbanoweb.com.ar\/diario\/wp-json\/wp\/v2\/tags?post=75169"}],"curies":[{"name":"wp","href":"https:\/\/api.w.org\/{rel}","templated":true}]}}