{"id":75172,"date":"2026-09-04T09:18:25","date_gmt":"2026-09-04T12:18:25","guid":{"rendered":"https:\/\/elurbanoweb.com.ar\/diario\/?p=75172"},"modified":"2026-09-04T09:18:25","modified_gmt":"2026-09-04T12:18:25","slug":"avanzan-los-trabajos-de-mejoramiento-del-alumbrado-publico-en-diferentes-sectores-de-la-ciudad-de-la-banda","status":"publish","type":"post","link":"http:\/\/elurbanoweb.com.ar\/diario\/avanzan-los-trabajos-de-mejoramiento-del-alumbrado-publico-en-diferentes-sectores-de-la-ciudad-de-la-banda\/","title":{"rendered":"Avanzan los trabajos de mejoramiento del alumbrado p\u00fablico en diferentes sectores de la ciudad de La Banda"},"content":{"rendered":"<p>Desde la gesti\u00f3n del intendente Ing. Roger Nediani, La Direcci\u00f3n de Iluminaci\u00f3n contin\u00faa desarrollando trabajos de mejoramiento y ampliaci\u00f3n del sistema de alumbrado p\u00fablico en distintos sectores de la ciudad de La Banda, con intervenciones destinadas a optimizar la iluminaci\u00f3n y brindar mayor seguridad a los vecinos.<\/p>\n<p><img loading=\"lazy\" decoding=\"async\" class=\"alignnone wp-image-75173 size-full\" src=\"http:\/\/elurbanoweb.com.ar\/diario\/wp-content\/uploads\/2026\/09\/alumbrado11.jpg\" alt=\"\" width=\"1010\" height=\"567\" srcset=\"http:\/\/elurbanoweb.com.ar\/diario\/wp-content\/uploads\/2026\/09\/alumbrado11.jpg 1010w, http:\/\/elurbanoweb.com.ar\/diario\/wp-content\/uploads\/2026\/09\/alumbrado11-300x168.jpg 300w, http:\/\/elurbanoweb.com.ar\/diario\/wp-content\/uploads\/2026\/09\/alumbrado11-150x84.jpg 150w\" sizes=\"auto, (max-width: 1010px) 100vw, 1010px\" \/><\/p>\n<p><!--more--><\/p>\n<p>En este marco, uno de los equipos del \u00e1rea se encuentra trabajando sobre calle Aconcagua, en el tramo comprendido entre avenida Libertador y calle Mitre, realizando tareas vinculadas al mejoramiento del sistema de iluminaci\u00f3n.<\/p>\n<p>De manera simult\u00e1nea, otro grupo de trabajo lleva adelante la conexi\u00f3n de luminarias sobre Rep\u00fablica del L\u00edbano al 500, avanzando con las tareas necesarias para fortalecer el servicio de alumbrado p\u00fablico en el sector.<\/p>\n<p>Asimismo, sobre calle Guido Spano al 600 se contin\u00faa avanzando con la instalaci\u00f3n de nuevas columnas de alumbrado p\u00fablico, como parte de las intervenciones que se vienen ejecutando para ampliar y modernizar la infraestructura lum\u00ednica de la ciudad.<\/p>\n<p>Estos trabajos se suman a las diferentes acciones de colocaci\u00f3n de columnas, cableado, luminarias y reconversi\u00f3n del sistema de iluminaci\u00f3n que se desarrollan progresivamente en distintos barrios y arterias de La Banda.<\/p>\n","protected":false},"excerpt":{"rendered":"<p>Desde la gesti\u00f3n del intendente Ing. Roger Nediani, La Direcci\u00f3n de Iluminaci\u00f3n contin\u00faa desarrollando trabajos de mejoramiento y ampliaci\u00f3n del sistema de alumbrado p\u00fablico en distintos sectores de la ciudad&hellip; <\/p>\n","protected":false},"author":1,"featured_media":75173,"comment_status":"closed","ping_status":"closed","sticky":false,"template":"","format":"standard","meta":{"footnotes":""},"categories":[9],"tags":[],"class_list":["post-75172","post","type-post","status-publish","format-standard","has-post-thumbnail","hentry","category-la-banda"],"_links":{"self":[{"href":"http:\/\/elurbanoweb.com.ar\/diario\/wp-json\/wp\/v2\/posts\/75172","targetHints":{"allow":["GET"]}}],"collection":[{"href":"http:\/\/elurbanoweb.com.ar\/diario\/wp-json\/wp\/v2\/posts"}],"about":[{"href":"http:\/\/elurbanoweb.com.ar\/diario\/wp-json\/wp\/v2\/types\/post"}],"author":[{"embeddable":true,"href":"http:\/\/elurbanoweb.com.ar\/diario\/wp-json\/wp\/v2\/users\/1"}],"replies":[{"embeddable":true,"href":"http:\/\/elurbanoweb.com.ar\/diario\/wp-json\/wp\/v2\/comments?post=75172"}],"version-history":[{"count":1,"href":"http:\/\/elurbanoweb.com.ar\/diario\/wp-json\/wp\/v2\/posts\/75172\/revisions"}],"predecessor-version":[{"id":75174,"href":"http:\/\/elurbanoweb.com.ar\/diario\/wp-json\/wp\/v2\/posts\/75172\/revisions\/75174"}],"wp:featuredmedia":[{"embeddable":true,"href":"http:\/\/elurbanoweb.com.ar\/diario\/wp-json\/wp\/v2\/media\/75173"}],"wp:attachment":[{"href":"http:\/\/elurbanoweb.com.ar\/diario\/wp-json\/wp\/v2\/media?parent=75172"}],"wp:term":[{"taxonomy":"category","embeddable":true,"href":"http:\/\/elurbanoweb.com.ar\/diario\/wp-json\/wp\/v2\/categories?post=75172"},{"taxonomy":"post_tag","embeddable":true,"href":"http:\/\/elurbanoweb.com.ar\/diario\/wp-json\/wp\/v2\/tags?post=75172"}],"curies":[{"name":"wp","href":"https:\/\/api.w.org\/{rel}","templated":true}]}}