{"id":75175,"date":"2026-09-04T09:19:56","date_gmt":"2026-09-04T12:19:56","guid":{"rendered":"https:\/\/elurbanoweb.com.ar\/diario\/?p=75175"},"modified":"2026-09-04T09:19:56","modified_gmt":"2026-09-04T12:19:56","slug":"la-liga-municipal-de-futbol-infantil-se-prepara-para-la-segunda-fecha-del-torneo-clausura-2026","status":"publish","type":"post","link":"http:\/\/elurbanoweb.com.ar\/diario\/la-liga-municipal-de-futbol-infantil-se-prepara-para-la-segunda-fecha-del-torneo-clausura-2026\/","title":{"rendered":"La Liga Municipal de F\u00fatbol Infantil se prepara para la segunda fecha del Torneo Clausura 2026"},"content":{"rendered":"<p>La Direcci\u00f3n de Deportes y Recreaci\u00f3n de la Municipalidad de la ciudad de La Banda di\u00f3 a conocer el cronograma de partidos correspondientes a la segunda fecha del Torneo Clausura 2026 de la Liga Municipal de F\u00fatbol Infantil.<\/p>\n<p><img loading=\"lazy\" decoding=\"async\" class=\"alignnone wp-image-75176 size-full\" src=\"http:\/\/elurbanoweb.com.ar\/diario\/wp-content\/uploads\/2026\/09\/segunda2.jpg\" alt=\"\" width=\"1010\" height=\"567\" srcset=\"http:\/\/elurbanoweb.com.ar\/diario\/wp-content\/uploads\/2026\/09\/segunda2.jpg 1010w, http:\/\/elurbanoweb.com.ar\/diario\/wp-content\/uploads\/2026\/09\/segunda2-300x168.jpg 300w, http:\/\/elurbanoweb.com.ar\/diario\/wp-content\/uploads\/2026\/09\/segunda2-150x84.jpg 150w\" sizes=\"auto, (max-width: 1010px) 100vw, 1010px\" \/><\/p>\n<p><!--more--><\/p>\n<p>La jornada se desarrollar\u00e1 el pr\u00f3ximo domingo 6 a partir de las 9:30, en diferentes canchas y clubes deportivos de la ciudad, donde los equipos participantes volver\u00e1n a encontrarse para disputar una nueva fecha del certamen.<\/p>\n<p>Los encuentros contar\u00e1n con la supervisi\u00f3n de planilleros y \u00e1rbitros pertenecientes al \u00e1rea de Deportes del municipio bande\u00f1o, quienes estar\u00e1n a cargo de supervisar el desarrollo de los partidos.<\/p>\n<p>Cronograma de partidos<\/p>\n<p>Zona A: 9:30: Juven F.C. vs. Nueva Generaci\u00f3n. Cancha de Rolo Guzm\u00e1n. 10:00: Pico Gim\u00e9nez vs. Alvarito S\u00e1ndez. Cancha a confirmar.<\/p>\n<p>Zona B: 10:00: Juventud de Amigos vs. Vilmer Infantil. Cancha Las Palmas. 10:00: Gomer\u00eda Miguel vs. Argentinos Unidos. Cancha del barrio Jerarquizado.<\/p>\n<p>Zona C: 9:30: Irma F.C. vs.12 de Octubre. Cancha Irma F.C. 9:30: Rayos vs. Hern\u00e1n Pinna. Cancha La Lecherita. 10:00: B\u00b0 Villa Uni\u00f3n vs. Agua y Energ\u00eda. Cancha Villa Uni\u00f3n 2. 10:00: Tricolor F.C. vs. Gustavo Tapia. Cancha de Rubia Moreno.<\/p>\n<p>Desde la organizaci\u00f3n destacaron la importancia de continuar generando espacios de participaci\u00f3n deportiva para ni\u00f1os y ni\u00f1as de la ciudad, promoviendo valores como el compa\u00f1erismo, el respeto y el juego en equipo.<\/p>\n","protected":false},"excerpt":{"rendered":"<p>La Direcci\u00f3n de Deportes y Recreaci\u00f3n de la Municipalidad de la ciudad de La Banda di\u00f3 a conocer el cronograma de partidos correspondientes a la segunda fecha del Torneo Clausura&hellip; <\/p>\n","protected":false},"author":1,"featured_media":75176,"comment_status":"closed","ping_status":"closed","sticky":false,"template":"","format":"standard","meta":{"footnotes":""},"categories":[9],"tags":[],"class_list":["post-75175","post","type-post","status-publish","format-standard","has-post-thumbnail","hentry","category-la-banda"],"_links":{"self":[{"href":"http:\/\/elurbanoweb.com.ar\/diario\/wp-json\/wp\/v2\/posts\/75175","targetHints":{"allow":["GET"]}}],"collection":[{"href":"http:\/\/elurbanoweb.com.ar\/diario\/wp-json\/wp\/v2\/posts"}],"about":[{"href":"http:\/\/elurbanoweb.com.ar\/diario\/wp-json\/wp\/v2\/types\/post"}],"author":[{"embeddable":true,"href":"http:\/\/elurbanoweb.com.ar\/diario\/wp-json\/wp\/v2\/users\/1"}],"replies":[{"embeddable":true,"href":"http:\/\/elurbanoweb.com.ar\/diario\/wp-json\/wp\/v2\/comments?post=75175"}],"version-history":[{"count":1,"href":"http:\/\/elurbanoweb.com.ar\/diario\/wp-json\/wp\/v2\/posts\/75175\/revisions"}],"predecessor-version":[{"id":75177,"href":"http:\/\/elurbanoweb.com.ar\/diario\/wp-json\/wp\/v2\/posts\/75175\/revisions\/75177"}],"wp:featuredmedia":[{"embeddable":true,"href":"http:\/\/elurbanoweb.com.ar\/diario\/wp-json\/wp\/v2\/media\/75176"}],"wp:attachment":[{"href":"http:\/\/elurbanoweb.com.ar\/diario\/wp-json\/wp\/v2\/media?parent=75175"}],"wp:term":[{"taxonomy":"category","embeddable":true,"href":"http:\/\/elurbanoweb.com.ar\/diario\/wp-json\/wp\/v2\/categories?post=75175"},{"taxonomy":"post_tag","embeddable":true,"href":"http:\/\/elurbanoweb.com.ar\/diario\/wp-json\/wp\/v2\/tags?post=75175"}],"curies":[{"name":"wp","href":"https:\/\/api.w.org\/{rel}","templated":true}]}}