{"id":75178,"date":"2026-09-04T09:21:21","date_gmt":"2026-09-04T12:21:21","guid":{"rendered":"https:\/\/elurbanoweb.com.ar\/diario\/?p=75178"},"modified":"2026-09-04T09:21:21","modified_gmt":"2026-09-04T12:21:21","slug":"se-reabre-la-inscripcion-para-los-talleres-de-iniciacion-a-la-computacion-en-la-casa-del-bicentenario","status":"publish","type":"post","link":"http:\/\/elurbanoweb.com.ar\/diario\/se-reabre-la-inscripcion-para-los-talleres-de-iniciacion-a-la-computacion-en-la-casa-del-bicentenario\/","title":{"rendered":"Se reabre la inscripci\u00f3n para los talleres de iniciaci\u00f3n a la computaci\u00f3n en la Casa del Bicentenario"},"content":{"rendered":"<p>La Casa del Bicentenario ser\u00e1 sede del taller \u201cConectados: Mi salto al Mundo Digital\u201d, una propuesta de iniciaci\u00f3n a la computaci\u00f3n destinada a quienes deseen adquirir conocimientos b\u00e1sicos y desenvolverse con mayor facilidad en el entorno digital.<\/p>\n<p><img loading=\"lazy\" decoding=\"async\" class=\"alignnone wp-image-75179 size-full\" src=\"http:\/\/elurbanoweb.com.ar\/diario\/wp-content\/uploads\/2026\/09\/computacion1.jpg\" alt=\"\" width=\"1010\" height=\"567\" srcset=\"http:\/\/elurbanoweb.com.ar\/diario\/wp-content\/uploads\/2026\/09\/computacion1.jpg 1010w, http:\/\/elurbanoweb.com.ar\/diario\/wp-content\/uploads\/2026\/09\/computacion1-300x168.jpg 300w, http:\/\/elurbanoweb.com.ar\/diario\/wp-content\/uploads\/2026\/09\/computacion1-150x84.jpg 150w\" sizes=\"auto, (max-width: 1010px) 100vw, 1010px\" \/><\/p>\n<p><!--more--><\/p>\n<p>La capacitaci\u00f3n se desarrollar\u00e1 los lunes y mi\u00e9rcoles, de 19:30 a 21:30 en las instalaciones ubicadas en Av. Besares y Garay y constar\u00e1 de seis encuentros de dos horas. Para participar no se requieren conocimientos previos.<\/p>\n<p>Durante el taller, los asistentes aprender\u00e1n a crear y organizar carpetas, descargar archivos e im\u00e1genes, elaborar sus propios documentos y guardar informaci\u00f3n en la nube, incorporando herramientas \u00fatiles para el uso cotidiano de la computadora.<\/p>\n<p>La propuesta tiene como objetivo facilitar el acercamiento a las nuevas tecnolog\u00edas y brindar conocimientos pr\u00e1cticos que permitan a los participantes desenvolverse con mayor autonom\u00eda en el mundo digital.<\/p>\n<p>La actividad es arancelada y cuenta con el auspicio de la Municipalidad de La Banda. Para informes e inscripciones, los interesados pueden comunicarse al 385 5823707.<\/p>\n","protected":false},"excerpt":{"rendered":"<p>La Casa del Bicentenario ser\u00e1 sede del taller \u201cConectados: Mi salto al Mundo Digital\u201d, una propuesta de iniciaci\u00f3n a la computaci\u00f3n destinada a quienes deseen adquirir conocimientos b\u00e1sicos y desenvolverse&hellip; <\/p>\n","protected":false},"author":1,"featured_media":75179,"comment_status":"closed","ping_status":"closed","sticky":false,"template":"","format":"standard","meta":{"footnotes":""},"categories":[9],"tags":[],"class_list":["post-75178","post","type-post","status-publish","format-standard","has-post-thumbnail","hentry","category-la-banda"],"_links":{"self":[{"href":"http:\/\/elurbanoweb.com.ar\/diario\/wp-json\/wp\/v2\/posts\/75178","targetHints":{"allow":["GET"]}}],"collection":[{"href":"http:\/\/elurbanoweb.com.ar\/diario\/wp-json\/wp\/v2\/posts"}],"about":[{"href":"http:\/\/elurbanoweb.com.ar\/diario\/wp-json\/wp\/v2\/types\/post"}],"author":[{"embeddable":true,"href":"http:\/\/elurbanoweb.com.ar\/diario\/wp-json\/wp\/v2\/users\/1"}],"replies":[{"embeddable":true,"href":"http:\/\/elurbanoweb.com.ar\/diario\/wp-json\/wp\/v2\/comments?post=75178"}],"version-history":[{"count":1,"href":"http:\/\/elurbanoweb.com.ar\/diario\/wp-json\/wp\/v2\/posts\/75178\/revisions"}],"predecessor-version":[{"id":75180,"href":"http:\/\/elurbanoweb.com.ar\/diario\/wp-json\/wp\/v2\/posts\/75178\/revisions\/75180"}],"wp:featuredmedia":[{"embeddable":true,"href":"http:\/\/elurbanoweb.com.ar\/diario\/wp-json\/wp\/v2\/media\/75179"}],"wp:attachment":[{"href":"http:\/\/elurbanoweb.com.ar\/diario\/wp-json\/wp\/v2\/media?parent=75178"}],"wp:term":[{"taxonomy":"category","embeddable":true,"href":"http:\/\/elurbanoweb.com.ar\/diario\/wp-json\/wp\/v2\/categories?post=75178"},{"taxonomy":"post_tag","embeddable":true,"href":"http:\/\/elurbanoweb.com.ar\/diario\/wp-json\/wp\/v2\/tags?post=75178"}],"curies":[{"name":"wp","href":"https:\/\/api.w.org\/{rel}","templated":true}]}}