{"id":75181,"date":"2026-09-04T09:25:13","date_gmt":"2026-09-04T12:25:13","guid":{"rendered":"https:\/\/elurbanoweb.com.ar\/diario\/?p=75181"},"modified":"2026-09-04T09:25:13","modified_gmt":"2026-09-04T12:25:13","slug":"con-presencia-santiaguena-los-pumas-ya-tienen-formacion-confirmada-para-enfrentar-a-australia","status":"publish","type":"post","link":"http:\/\/elurbanoweb.com.ar\/diario\/con-presencia-santiaguena-los-pumas-ya-tienen-formacion-confirmada-para-enfrentar-a-australia\/","title":{"rendered":"Con presencia santiague\u00f1a, Los Pumas ya tienen formaci\u00f3n confirmada para enfrentar a Australia"},"content":{"rendered":"<p>Felipe Contepomi confirm\u00f3 el equipo para enfrentar a los Wallabies este s\u00e1bado desde las 18 en el estadio Malvinas Argentinas.<\/p>\n<p><img loading=\"lazy\" decoding=\"async\" class=\"alignnone wp-image-75182 size-full\" src=\"http:\/\/elurbanoweb.com.ar\/diario\/wp-content\/uploads\/2026\/09\/pumas4.jpg\" alt=\"\" width=\"1010\" height=\"567\" srcset=\"http:\/\/elurbanoweb.com.ar\/diario\/wp-content\/uploads\/2026\/09\/pumas4.jpg 1010w, http:\/\/elurbanoweb.com.ar\/diario\/wp-content\/uploads\/2026\/09\/pumas4-300x168.jpg 300w, http:\/\/elurbanoweb.com.ar\/diario\/wp-content\/uploads\/2026\/09\/pumas4-150x84.jpg 150w\" sizes=\"auto, (max-width: 1010px) 100vw, 1010px\" \/><\/p>\n<p><!--more--><\/p>\n<p>Los Pumas ya tienen todo listo para volver a enfrentar a Australia. Despu\u00e9s de la derrota por 27-21 del \u00faltimo s\u00e1bado en Jujuy, el seleccionado argentino buscar\u00e1 revancha este s\u00e1bado desde las 18, cuando reciba a los Wallabies en el estadio Malvinas Argentinas de Mendoza.<\/p>\n<p>El entrenador Felipe Contepomi dispuso cuatro modificaciones con respecto al equipo que comenz\u00f3 el encuentro anterior. Pedro Delgado, Efra\u00edn El\u00edas, Franco Molina y Nicol\u00e1s Roger ingresar\u00e1n en la formaci\u00f3n titular, mientras que Francisco Moreno, Tom\u00e1s Lavanini, Benjam\u00edn Grondona y Ger\u00f3nimo Prisciantelli dejar\u00e1n sus lugares.<\/p>\n<p>Adem\u00e1s de los cambios de nombres, el seleccionado tendr\u00e1 algunas modificaciones en sus posiciones. Guido Petti pasar\u00e1 a desempe\u00f1arse en la tercera l\u00ednea, mientras que Santiago Carreras volver\u00e1 a ocupar el puesto de fullback. De esta manera, Nicol\u00e1s Roger ser\u00e1 el encargado de conducir al equipo como apertura.<\/p>\n<p>Dos posibles debuts desde el banco<br \/>\nLa otra gran novedad de la convocatoria pasa por la presencia de Facundo Cardozo y Mateo Soler entre los suplentes. Ambos podr\u00edan tener su estreno absoluto con la camiseta de Los Pumas en el encuentro frente a Australia.<\/p>\n<p>Cardozo, nacido en Mendoza, se form\u00f3 en Teq\u00fc\u00e9 y actualmente juega en Universitario de Tucum\u00e1n. Adem\u00e1s, fue campe\u00f3n con Dogos XV en 2024, integr\u00f3 Tarucas durante esta temporada y ya tuvo experiencia con Argentina XV.<\/p>\n","protected":false},"excerpt":{"rendered":"<p>Felipe Contepomi confirm\u00f3 el equipo para enfrentar a los Wallabies este s\u00e1bado desde las 18 en el estadio Malvinas Argentinas.<\/p>\n","protected":false},"author":1,"featured_media":75182,"comment_status":"closed","ping_status":"closed","sticky":false,"template":"","format":"standard","meta":{"footnotes":""},"categories":[4],"tags":[],"class_list":["post-75181","post","type-post","status-publish","format-standard","has-post-thumbnail","hentry","category-deportes"],"_links":{"self":[{"href":"http:\/\/elurbanoweb.com.ar\/diario\/wp-json\/wp\/v2\/posts\/75181","targetHints":{"allow":["GET"]}}],"collection":[{"href":"http:\/\/elurbanoweb.com.ar\/diario\/wp-json\/wp\/v2\/posts"}],"about":[{"href":"http:\/\/elurbanoweb.com.ar\/diario\/wp-json\/wp\/v2\/types\/post"}],"author":[{"embeddable":true,"href":"http:\/\/elurbanoweb.com.ar\/diario\/wp-json\/wp\/v2\/users\/1"}],"replies":[{"embeddable":true,"href":"http:\/\/elurbanoweb.com.ar\/diario\/wp-json\/wp\/v2\/comments?post=75181"}],"version-history":[{"count":1,"href":"http:\/\/elurbanoweb.com.ar\/diario\/wp-json\/wp\/v2\/posts\/75181\/revisions"}],"predecessor-version":[{"id":75183,"href":"http:\/\/elurbanoweb.com.ar\/diario\/wp-json\/wp\/v2\/posts\/75181\/revisions\/75183"}],"wp:featuredmedia":[{"embeddable":true,"href":"http:\/\/elurbanoweb.com.ar\/diario\/wp-json\/wp\/v2\/media\/75182"}],"wp:attachment":[{"href":"http:\/\/elurbanoweb.com.ar\/diario\/wp-json\/wp\/v2\/media?parent=75181"}],"wp:term":[{"taxonomy":"category","embeddable":true,"href":"http:\/\/elurbanoweb.com.ar\/diario\/wp-json\/wp\/v2\/categories?post=75181"},{"taxonomy":"post_tag","embeddable":true,"href":"http:\/\/elurbanoweb.com.ar\/diario\/wp-json\/wp\/v2\/tags?post=75181"}],"curies":[{"name":"wp","href":"https:\/\/api.w.org\/{rel}","templated":true}]}}