{"id":75184,"date":"2026-09-04T09:26:46","date_gmt":"2026-09-04T12:26:46","guid":{"rendered":"https:\/\/elurbanoweb.com.ar\/diario\/?p=75184"},"modified":"2026-09-04T09:26:46","modified_gmt":"2026-09-04T12:26:46","slug":"franco-colapinto-termino-noveno-en-la-primera-practica-libre-del-gran-premio-de-italia","status":"publish","type":"post","link":"http:\/\/elurbanoweb.com.ar\/diario\/franco-colapinto-termino-noveno-en-la-primera-practica-libre-del-gran-premio-de-italia\/","title":{"rendered":"Franco Colapinto termin\u00f3 noveno en la primera pr\u00e1ctica libre del Gran Premio de Italia"},"content":{"rendered":"<p>Despu\u00e9s de dos semanas sin competencia, Franco Colapinto volver\u00e1 a subirse al Alpine este viernes para iniciar su participaci\u00f3n en el Gran Premio de Italia de F\u00f3rmula 1. El piloto argentino comenzar\u00e1 la actividad en el hist\u00f3rico circuito de Monza, uno de los escenarios m\u00e1s emblem\u00e1ticos y veloces de toda la temporada.<\/p>\n<p><img loading=\"lazy\" decoding=\"async\" class=\"alignnone wp-image-75185 size-full\" src=\"http:\/\/elurbanoweb.com.ar\/diario\/wp-content\/uploads\/2026\/09\/franco0.jpg\" alt=\"\" width=\"1010\" height=\"567\" srcset=\"http:\/\/elurbanoweb.com.ar\/diario\/wp-content\/uploads\/2026\/09\/franco0.jpg 1010w, http:\/\/elurbanoweb.com.ar\/diario\/wp-content\/uploads\/2026\/09\/franco0-300x168.jpg 300w, http:\/\/elurbanoweb.com.ar\/diario\/wp-content\/uploads\/2026\/09\/franco0-150x84.jpg 150w\" sizes=\"auto, (max-width: 1010px) 100vw, 1010px\" \/><\/p>\n<p><!--more--><\/p>\n<p>La jornada de hoy tendr\u00e1 dos sesiones de entrenamientos libres, que ser\u00e1n claves para que Colapinto y el equipo franc\u00e9s encuentren la mejor puesta a punto de cara a la clasificaci\u00f3n del s\u00e1bado y la carrera del domingo. El argentino buscar\u00e1 dejar atr\u00e1s lo ocurrido en el Gran Premio de Pa\u00edses Bajos y volver a acercarse a la zona de puntos.<\/p>\n<p>Franco Colapinto pone primera en el Templo de la Velocidad<br \/>\nEl Aut\u00f3dromo Nacional de Monza, conocido como el Templo de la Velocidad, ser\u00e1 el escenario de una nueva presentaci\u00f3n del representante argentino. El trazado italiano, caracterizado por sus largas rectas y altas velocidades, representa un desaf\u00edo especial para Alpine.<\/p>\n<p>Colapinto afrontar\u00e1 este fin de semana con la tranquilidad de tener definido su futuro dentro de la escuder\u00eda, aunque con el objetivo puesto en seguir creciendo durante la temporada. Cada salida a pista ser\u00e1 importante para intentar encontrar un mejor rendimiento y competir por posiciones m\u00e1s importantes.<\/p>\n<p>La actividad comenzar\u00e1 este viernes con la Pr\u00e1ctica Libre 1, desde las 7.30, mientras que la segunda tanda de entrenamientos se disputar\u00e1 a partir de las 11.00, siempre en horario de Argentina.<\/p>\n<p>El cronograma del Gran Premio de Italia<br \/>\nViernes 4 de septiembre<\/p>\n<p>Pr\u00e1ctica Libre 1: 7.30.<br \/>\nPr\u00e1ctica Libre 2: 11.00.<br \/>\nS\u00e1bado 5 de septiembre<\/p>\n<p>Pr\u00e1ctica Libre 3: 7.30.<br \/>\nClasificaci\u00f3n: 11.00.<br \/>\nDomingo 6 de septiembre<\/p>\n<p>Carrera: 10.00, a 53 vueltas.<br \/>\nDe esta manera, Franco Colapinto volver\u00e1 a tener acci\u00f3n desde hoy en Monza, con un fin de semana que ser\u00e1 una nueva oportunidad para mostrar su evoluci\u00f3n dentro de Alpine y buscar un resultado positivo en uno de los circuitos m\u00e1s tradicionales del calendario de la F\u00f3rmula 1.<\/p>\n","protected":false},"excerpt":{"rendered":"<p>Despu\u00e9s de dos semanas sin competencia, Franco Colapinto volver\u00e1 a subirse al Alpine este viernes para iniciar su participaci\u00f3n en el Gran Premio de Italia de F\u00f3rmula 1. El piloto&hellip; <\/p>\n","protected":false},"author":1,"featured_media":75185,"comment_status":"closed","ping_status":"closed","sticky":false,"template":"","format":"standard","meta":{"footnotes":""},"categories":[4],"tags":[],"class_list":["post-75184","post","type-post","status-publish","format-standard","has-post-thumbnail","hentry","category-deportes"],"_links":{"self":[{"href":"http:\/\/elurbanoweb.com.ar\/diario\/wp-json\/wp\/v2\/posts\/75184","targetHints":{"allow":["GET"]}}],"collection":[{"href":"http:\/\/elurbanoweb.com.ar\/diario\/wp-json\/wp\/v2\/posts"}],"about":[{"href":"http:\/\/elurbanoweb.com.ar\/diario\/wp-json\/wp\/v2\/types\/post"}],"author":[{"embeddable":true,"href":"http:\/\/elurbanoweb.com.ar\/diario\/wp-json\/wp\/v2\/users\/1"}],"replies":[{"embeddable":true,"href":"http:\/\/elurbanoweb.com.ar\/diario\/wp-json\/wp\/v2\/comments?post=75184"}],"version-history":[{"count":1,"href":"http:\/\/elurbanoweb.com.ar\/diario\/wp-json\/wp\/v2\/posts\/75184\/revisions"}],"predecessor-version":[{"id":75186,"href":"http:\/\/elurbanoweb.com.ar\/diario\/wp-json\/wp\/v2\/posts\/75184\/revisions\/75186"}],"wp:featuredmedia":[{"embeddable":true,"href":"http:\/\/elurbanoweb.com.ar\/diario\/wp-json\/wp\/v2\/media\/75185"}],"wp:attachment":[{"href":"http:\/\/elurbanoweb.com.ar\/diario\/wp-json\/wp\/v2\/media?parent=75184"}],"wp:term":[{"taxonomy":"category","embeddable":true,"href":"http:\/\/elurbanoweb.com.ar\/diario\/wp-json\/wp\/v2\/categories?post=75184"},{"taxonomy":"post_tag","embeddable":true,"href":"http:\/\/elurbanoweb.com.ar\/diario\/wp-json\/wp\/v2\/tags?post=75184"}],"curies":[{"name":"wp","href":"https:\/\/api.w.org\/{rel}","templated":true}]}}