{"id":75187,"date":"2026-09-04T09:28:55","date_gmt":"2026-09-04T12:28:55","guid":{"rendered":"https:\/\/elurbanoweb.com.ar\/diario\/?p=75187"},"modified":"2026-09-04T09:28:55","modified_gmt":"2026-09-04T12:28:55","slug":"gobierno-y-el-colegio-de-psicologos-trabajan-en-pos-de-la-comunidad","status":"publish","type":"post","link":"http:\/\/elurbanoweb.com.ar\/diario\/gobierno-y-el-colegio-de-psicologos-trabajan-en-pos-de-la-comunidad\/","title":{"rendered":"Gobierno y el Colegio de Psic\u00f3logos trabajan en pos de la comunidad"},"content":{"rendered":"<p>Mediante una articulaci\u00f3n estrat\u00e9gica orientada a consolidar una red de conocimiento t\u00e9cnico y optimizar la toma de decisiones, el Gobierno de la provincia firm\u00f3 un convenio marco de cooperaci\u00f3n con el Consejo Econ\u00f3mico y Social y el Colegio de Psic\u00f3logos de Santiago del Estero.<\/p>\n<p><img loading=\"lazy\" decoding=\"async\" class=\"alignnone wp-image-75188 size-large\" src=\"http:\/\/elurbanoweb.com.ar\/diario\/wp-content\/uploads\/2026\/09\/comunidad30-1024x666.jpeg\" alt=\"\" width=\"1024\" height=\"666\" srcset=\"http:\/\/elurbanoweb.com.ar\/diario\/wp-content\/uploads\/2026\/09\/comunidad30-1024x666.jpeg 1024w, http:\/\/elurbanoweb.com.ar\/diario\/wp-content\/uploads\/2026\/09\/comunidad30-300x195.jpeg 300w, http:\/\/elurbanoweb.com.ar\/diario\/wp-content\/uploads\/2026\/09\/comunidad30-150x98.jpeg 150w, http:\/\/elurbanoweb.com.ar\/diario\/wp-content\/uploads\/2026\/09\/comunidad30-1536x999.jpeg 1536w, http:\/\/elurbanoweb.com.ar\/diario\/wp-content\/uploads\/2026\/09\/comunidad30.jpeg 1600w\" sizes=\"auto, (max-width: 1024px) 100vw, 1024px\" \/><\/p>\n<p><!--more--><\/p>\n<p>Del acto participaron el jefe de Gabinete, V\u00edctor Araujo; la ministra de Educaci\u00f3n, Ciencia y Tecnolog\u00eda, Mariela Nassif; el secretario del Consejo Econ\u00f3mico y Social, Miguel Mandrille; el subsecretario de Educaci\u00f3n, Alejandro P\u00edccoli, y el presidente del Colegio de Psic\u00f3logos, Mat\u00edas Nediani, junto a otros miembros de la instituci\u00f3n.<\/p>\n<p>En este marco, Nediani resalt\u00f3 el asesoramiento t\u00e9cnico para las pol\u00edticas p\u00fablicas orientadas al bienestar de la comunidad, donde puso como relieve la articulaci\u00f3n interinstitucional para optimizar las intervenciones en el \u00e1mbito social y comunitario.<\/p>\n<p>A su turno, la ministra de Educaci\u00f3n hizo hincapi\u00e9 en la importancia de sumar capacidades t\u00e9cnicas desde una mirada interdisciplinaria que fortalezca las comunidades escolares. Subray\u00f3 tambi\u00e9n la necesidad de trabajar de forma colaborativa para potenciar los aprendizajes y el desarrollo integral en el sistema educativo.<\/p>\n<p>\u201cEn esa mirada integral que vamos a hacer desde las distintas \u00e1reas, logramos facilitar la inclusi\u00f3n, la pertinencia y los aprendizajes que tanto necesitamos en el sistema educativo\u201d, se\u00f1al\u00f3.<\/p>\n<p>Tambi\u00e9n el jefe de Gabinete destac\u00f3 la decisi\u00f3n del gobernador El\u00edas Su\u00e1rez de impulsar una red de conocimiento con profesionales de distintos \u00e1mbitos, para que realicen su valioso aporte al crecimiento de Santiago del Estero.<\/p>\n<p>\u201cEs la continuidad de acciones y pol\u00edticas p\u00fablicas orientadas a la coordinaci\u00f3n de instituciones que son relevantes en la provincia, en este caso, con el Colegio de Psic\u00f3logos. Es un trabajo conjunto con el Ministerio de Educaci\u00f3n, donde tambi\u00e9n ha intervenido el Consejo Econ\u00f3mico y Social, desde donde se eval\u00faan y se analizan muchas de las problem\u00e1ticas de distintos sectores de la provincia\u201d, dijo.<\/p>\n<p>\u201cEsto \u2013precis\u00f3 Araujo- permite tambi\u00e9n bajar al territorio los servicios de estos profesionales, que en este caso y en los establecimientos donde se va a trabajar, permitir\u00e1 mejorar la convivencia escolar, los trabajos de talleres y la prevenci\u00f3n del bullying, del ciberbullying, del acoso escolar, de la ludopat\u00eda en los estudiantes; o por ejemplo, en los alumnos del \u00faltimo a\u00f1o del secundario, la orientaci\u00f3n vocacional\u201d.<\/p>\n","protected":false},"excerpt":{"rendered":"<p>Mediante una articulaci\u00f3n estrat\u00e9gica orientada a consolidar una red de conocimiento t\u00e9cnico y optimizar la toma de decisiones, el Gobierno de la provincia firm\u00f3 un convenio marco de cooperaci\u00f3n con&hellip; <\/p>\n","protected":false},"author":1,"featured_media":75188,"comment_status":"closed","ping_status":"closed","sticky":false,"template":"","format":"standard","meta":{"footnotes":""},"categories":[2],"tags":[],"class_list":["post-75187","post","type-post","status-publish","format-standard","has-post-thumbnail","hentry","category-gobierno"],"_links":{"self":[{"href":"http:\/\/elurbanoweb.com.ar\/diario\/wp-json\/wp\/v2\/posts\/75187","targetHints":{"allow":["GET"]}}],"collection":[{"href":"http:\/\/elurbanoweb.com.ar\/diario\/wp-json\/wp\/v2\/posts"}],"about":[{"href":"http:\/\/elurbanoweb.com.ar\/diario\/wp-json\/wp\/v2\/types\/post"}],"author":[{"embeddable":true,"href":"http:\/\/elurbanoweb.com.ar\/diario\/wp-json\/wp\/v2\/users\/1"}],"replies":[{"embeddable":true,"href":"http:\/\/elurbanoweb.com.ar\/diario\/wp-json\/wp\/v2\/comments?post=75187"}],"version-history":[{"count":1,"href":"http:\/\/elurbanoweb.com.ar\/diario\/wp-json\/wp\/v2\/posts\/75187\/revisions"}],"predecessor-version":[{"id":75189,"href":"http:\/\/elurbanoweb.com.ar\/diario\/wp-json\/wp\/v2\/posts\/75187\/revisions\/75189"}],"wp:featuredmedia":[{"embeddable":true,"href":"http:\/\/elurbanoweb.com.ar\/diario\/wp-json\/wp\/v2\/media\/75188"}],"wp:attachment":[{"href":"http:\/\/elurbanoweb.com.ar\/diario\/wp-json\/wp\/v2\/media?parent=75187"}],"wp:term":[{"taxonomy":"category","embeddable":true,"href":"http:\/\/elurbanoweb.com.ar\/diario\/wp-json\/wp\/v2\/categories?post=75187"},{"taxonomy":"post_tag","embeddable":true,"href":"http:\/\/elurbanoweb.com.ar\/diario\/wp-json\/wp\/v2\/tags?post=75187"}],"curies":[{"name":"wp","href":"https:\/\/api.w.org\/{rel}","templated":true}]}}