{"id":75190,"date":"2026-09-04T09:30:34","date_gmt":"2026-09-04T12:30:34","guid":{"rendered":"https:\/\/elurbanoweb.com.ar\/diario\/?p=75190"},"modified":"2026-09-04T09:30:34","modified_gmt":"2026-09-04T12:30:34","slug":"la-intendente-fuentes-recibio-al-director-de-la-juventud-de-la-provincia","status":"publish","type":"post","link":"http:\/\/elurbanoweb.com.ar\/diario\/la-intendente-fuentes-recibio-al-director-de-la-juventud-de-la-provincia\/","title":{"rendered":"La intendente Fuentes recibi\u00f3 al director de la Juventud de la Provincia"},"content":{"rendered":"<p>La intendente de la Capital, Ing. Norma Fuentes, recibi\u00f3 al director de la Juventud de la provincia, C\u00e9sar Gonz\u00e1lez, en el marco del di\u00e1logo y las acciones coordinadas que la Municipalidad lleva adelante con el gobierno de Santiago del Estero.<\/p>\n<p><img loading=\"lazy\" decoding=\"async\" class=\"alignnone wp-image-75191 size-large\" src=\"http:\/\/elurbanoweb.com.ar\/diario\/wp-content\/uploads\/2026\/09\/juventud0-1024x682.jpg\" alt=\"\" width=\"1024\" height=\"682\" srcset=\"http:\/\/elurbanoweb.com.ar\/diario\/wp-content\/uploads\/2026\/09\/juventud0-1024x682.jpg 1024w, http:\/\/elurbanoweb.com.ar\/diario\/wp-content\/uploads\/2026\/09\/juventud0-300x200.jpg 300w, http:\/\/elurbanoweb.com.ar\/diario\/wp-content\/uploads\/2026\/09\/juventud0-150x100.jpg 150w, http:\/\/elurbanoweb.com.ar\/diario\/wp-content\/uploads\/2026\/09\/juventud0-1536x1023.jpg 1536w, http:\/\/elurbanoweb.com.ar\/diario\/wp-content\/uploads\/2026\/09\/juventud0.jpg 1600w\" sizes=\"auto, (max-width: 1024px) 100vw, 1024px\" \/><\/p>\n<p><!--more--> El encuentro se realiz\u00f3 en el sal\u00f3n de acuerdos con la participaci\u00f3n del secretario de Coordinaci\u00f3n de Gabinete, Mario Benavente.<\/p>\n<p>En la reuni\u00f3n se analizaron distintas estrategias de trabajo y colaboraci\u00f3n en favor de la comunidad.<\/p>\n","protected":false},"excerpt":{"rendered":"<p>La intendente de la Capital, Ing. Norma Fuentes, recibi\u00f3 al director de la Juventud de la provincia, C\u00e9sar Gonz\u00e1lez, en el marco del di\u00e1logo y las acciones coordinadas que la&hellip; <\/p>\n","protected":false},"author":1,"featured_media":75191,"comment_status":"closed","ping_status":"closed","sticky":false,"template":"","format":"standard","meta":{"footnotes":""},"categories":[3],"tags":[],"class_list":["post-75190","post","type-post","status-publish","format-standard","has-post-thumbnail","hentry","category-municipio"],"_links":{"self":[{"href":"http:\/\/elurbanoweb.com.ar\/diario\/wp-json\/wp\/v2\/posts\/75190","targetHints":{"allow":["GET"]}}],"collection":[{"href":"http:\/\/elurbanoweb.com.ar\/diario\/wp-json\/wp\/v2\/posts"}],"about":[{"href":"http:\/\/elurbanoweb.com.ar\/diario\/wp-json\/wp\/v2\/types\/post"}],"author":[{"embeddable":true,"href":"http:\/\/elurbanoweb.com.ar\/diario\/wp-json\/wp\/v2\/users\/1"}],"replies":[{"embeddable":true,"href":"http:\/\/elurbanoweb.com.ar\/diario\/wp-json\/wp\/v2\/comments?post=75190"}],"version-history":[{"count":1,"href":"http:\/\/elurbanoweb.com.ar\/diario\/wp-json\/wp\/v2\/posts\/75190\/revisions"}],"predecessor-version":[{"id":75192,"href":"http:\/\/elurbanoweb.com.ar\/diario\/wp-json\/wp\/v2\/posts\/75190\/revisions\/75192"}],"wp:featuredmedia":[{"embeddable":true,"href":"http:\/\/elurbanoweb.com.ar\/diario\/wp-json\/wp\/v2\/media\/75191"}],"wp:attachment":[{"href":"http:\/\/elurbanoweb.com.ar\/diario\/wp-json\/wp\/v2\/media?parent=75190"}],"wp:term":[{"taxonomy":"category","embeddable":true,"href":"http:\/\/elurbanoweb.com.ar\/diario\/wp-json\/wp\/v2\/categories?post=75190"},{"taxonomy":"post_tag","embeddable":true,"href":"http:\/\/elurbanoweb.com.ar\/diario\/wp-json\/wp\/v2\/tags?post=75190"}],"curies":[{"name":"wp","href":"https:\/\/api.w.org\/{rel}","templated":true}]}}