{"id":75193,"date":"2026-09-04T09:32:38","date_gmt":"2026-09-04T12:32:38","guid":{"rendered":"https:\/\/elurbanoweb.com.ar\/diario\/?p=75193"},"modified":"2026-09-04T09:32:38","modified_gmt":"2026-09-04T12:32:38","slug":"consejeros-definieron-fecha-de-entrevista-personal-con-postulantes-a-jueces-de-control-y-garantias","status":"publish","type":"post","link":"http:\/\/elurbanoweb.com.ar\/diario\/consejeros-definieron-fecha-de-entrevista-personal-con-postulantes-a-jueces-de-control-y-garantias\/","title":{"rendered":"Consejeros definieron fecha de entrevista personal con postulantes a jueces de Control y Garant\u00edas"},"content":{"rendered":"<p>El Consejo de la Magistratura de Santiago del Estero mantiene su activa din\u00e1mica y, por ese motivo, hoy mantuvo una reuni\u00f3n encabezada por su presidente, Dr. Federico L\u00f3pez Alzogaray, en la que se citar\u00e1 a los postulantes a jueces de Control y Garant\u00edas.<\/p>\n<p><img loading=\"lazy\" decoding=\"async\" class=\"alignnone wp-image-75194 size-full\" src=\"http:\/\/elurbanoweb.com.ar\/diario\/wp-content\/uploads\/2026\/09\/consejeros.jpg\" alt=\"\" width=\"1010\" height=\"567\" srcset=\"http:\/\/elurbanoweb.com.ar\/diario\/wp-content\/uploads\/2026\/09\/consejeros.jpg 1010w, http:\/\/elurbanoweb.com.ar\/diario\/wp-content\/uploads\/2026\/09\/consejeros-300x168.jpg 300w, http:\/\/elurbanoweb.com.ar\/diario\/wp-content\/uploads\/2026\/09\/consejeros-150x84.jpg 150w\" sizes=\"auto, (max-width: 1010px) 100vw, 1010px\" \/><\/p>\n<p><!--more--><\/p>\n<p>En ese sentido, se fij\u00f3 el lunes 7 de septiembre, d\u00eda en que deber\u00e1n presentarse quienes accedieron a la \u00faltima instancia del proceso de selecci\u00f3n, para mantener una entrevista personal con los consejeros. Previamente, presentaron sus t\u00edtulos y antecedentes, rindieron los ex\u00e1menes escrito y oral, seg\u00fan lo establece la Constituci\u00f3n de la Provincia en cuanto al mecanismo de selecci\u00f3n de magistrados y fiscales.<\/p>\n<p>En el caso del Concurso N\u00ba 132\/2026, la convocatoria es para cubrir siete cargos de jueces de Control y Garant\u00edas en la Jurisdicci\u00f3n Capital, mientras que en la de La Banda son dos magistrados de Control y uno de Transici\u00f3n.<\/p>\n<p>Adem\u00e1s, la agenda del d\u00eda gir\u00f3 en torno a informes elevados por las comisiones internas, los que fueron todos aprobados y tambi\u00e9n se analizaron denuncias.<\/p>\n<p>En las deliberaciones, que se desarrollaron en la Sala de Presidencia del Palacio de Tribunales, estuvieron presentes las Dras. Anal\u00eda Corbal\u00e1n, Sara Salido Renter\u00eda, Graciela Neirot de Jarma y Eugenia Granda, as\u00ed como tambi\u00e9n los Dres. Pedro Salas, Juan Alende More, Pedro Basb\u00fas y Mart\u00edn D\u00edaz Ach\u00e1val.<\/p>\n","protected":false},"excerpt":{"rendered":"<p>El Consejo de la Magistratura de Santiago del Estero mantiene su activa din\u00e1mica y, por ese motivo, hoy mantuvo una reuni\u00f3n encabezada por su presidente, Dr. Federico L\u00f3pez Alzogaray, en&hellip; <\/p>\n","protected":false},"author":1,"featured_media":75194,"comment_status":"closed","ping_status":"closed","sticky":false,"template":"","format":"standard","meta":{"footnotes":""},"categories":[16],"tags":[],"class_list":["post-75193","post","type-post","status-publish","format-standard","has-post-thumbnail","hentry","category-locales"],"_links":{"self":[{"href":"http:\/\/elurbanoweb.com.ar\/diario\/wp-json\/wp\/v2\/posts\/75193","targetHints":{"allow":["GET"]}}],"collection":[{"href":"http:\/\/elurbanoweb.com.ar\/diario\/wp-json\/wp\/v2\/posts"}],"about":[{"href":"http:\/\/elurbanoweb.com.ar\/diario\/wp-json\/wp\/v2\/types\/post"}],"author":[{"embeddable":true,"href":"http:\/\/elurbanoweb.com.ar\/diario\/wp-json\/wp\/v2\/users\/1"}],"replies":[{"embeddable":true,"href":"http:\/\/elurbanoweb.com.ar\/diario\/wp-json\/wp\/v2\/comments?post=75193"}],"version-history":[{"count":1,"href":"http:\/\/elurbanoweb.com.ar\/diario\/wp-json\/wp\/v2\/posts\/75193\/revisions"}],"predecessor-version":[{"id":75195,"href":"http:\/\/elurbanoweb.com.ar\/diario\/wp-json\/wp\/v2\/posts\/75193\/revisions\/75195"}],"wp:featuredmedia":[{"embeddable":true,"href":"http:\/\/elurbanoweb.com.ar\/diario\/wp-json\/wp\/v2\/media\/75194"}],"wp:attachment":[{"href":"http:\/\/elurbanoweb.com.ar\/diario\/wp-json\/wp\/v2\/media?parent=75193"}],"wp:term":[{"taxonomy":"category","embeddable":true,"href":"http:\/\/elurbanoweb.com.ar\/diario\/wp-json\/wp\/v2\/categories?post=75193"},{"taxonomy":"post_tag","embeddable":true,"href":"http:\/\/elurbanoweb.com.ar\/diario\/wp-json\/wp\/v2\/tags?post=75193"}],"curies":[{"name":"wp","href":"https:\/\/api.w.org\/{rel}","templated":true}]}}